{"id":344,"date":"2019-09-01T11:28:16","date_gmt":"2019-09-01T09:28:16","guid":{"rendered":"http:\/\/pkas.cz\/?p=344"},"modified":"2019-09-01T11:28:18","modified_gmt":"2019-09-01T09:28:18","slug":"chodska-1500-a-cesky-dorostenecky-rekord-jakuba-davidika","status":"publish","type":"post","link":"http:\/\/pkas.cz\/?p=344","title":{"rendered":"Chodsk\u00e1 1500 a \u010desk\u00fd dorosteneck\u00fd rekord Jakuba David\u00edka"},"content":{"rendered":"\n<h1 class=\"wp-block-heading\" style=\"text-align:center\">Chodsk\u00e1 1500 a \u010desk\u00fd dorosteneck\u00fd rekord Jakuba David\u00edka<\/h1>\n\n\n\n<figure class=\"wp-block-image\"><img loading=\"lazy\" decoding=\"async\" width=\"960\" height=\"937\" src=\"http:\/\/pkas.cz\/wp-content\/uploads\/2019\/09\/davidikrekord2019.jpg\" alt=\"davidikrekord2019\" class=\"wp-image-345\" srcset=\"http:\/\/pkas.cz\/wp-content\/uploads\/2019\/09\/davidikrekord2019.jpg 960w, http:\/\/pkas.cz\/wp-content\/uploads\/2019\/09\/davidikrekord2019-300x293.jpg 300w, http:\/\/pkas.cz\/wp-content\/uploads\/2019\/09\/davidikrekord2019-768x750.jpg 768w\" sizes=\"(max-width: 960px) 100vw, 960px\" \/><figcaption>Jakub David\u00edk z Ban\u00edku St\u0159\u00edbro<\/figcaption><\/figure>\n\n\n\n<p><em>zdroj foto JSEM ATLET<\/em><\/p>\n\n\n\n<p>Podzimn\u00ed sez\u00f3na za\u010d\u00edn\u00e1 nab\u00edrat na obr\u00e1tk\u00e1ch a sobota 17.8. byla nabit\u00e1 m\u00edtinky po cel\u00e9 \u010cR. Na\u0161e pozornost se up\u00edrala k 54. ro\u010dn\u00edku Chodsk\u00e9 1500 a do \u00dast\u00ed nad Orlic\u00ed, kde zaz\u00e1\u0159il st\u0159\u00edbrsk\u00fd\u00a0<strong>Jakub David\u00edk<\/strong>.<br>Kuba be\u017eel vyrovnan\u00fd z\u00e1vod s \u010deskou p\u016flka\u0159skou elitou Filip \u0160nejdrem a Luk\u00e1\u0161em Ho\u010fbod\u011bm, nakonec ve fini\u0161i t\u011bmto \u00fa\u010dastn\u00edk\u016fm univerzi\u00e1dy podlehl, ale smutnit nemusel, jeliko\u017e vytvo\u0159il nov\u00fd dorostenck\u00fd \u010desk\u00fd rekord na 800m &#8211; v\u00fdkonem 1:48,94.<br>V Doma\u017elic\u00edch se op\u011bt bojovalo ve t\u0159ech hlavn\u00edch discipl\u00edn\u00e1ch. Hlavn\u00ed z\u00e1vod na 1500m ovl\u00e1dl poprv\u00e9 v historii host ze \u0160pan\u011blska &#8211;\u00a0<strong>David Palacio<\/strong>\u00a0v\u00fdkonem 3:52,07.<br>\u017denskou patn\u00e1cku ovl\u00e1dla v \u010dase 4:43,26\u00a0<strong>Mark\u00e9ta Podp\u011brov\u00e1<\/strong>\u00a0z Dukly Praha.<br>I \u017eensk\u00fd sprint na 100m m\u011bl zahrani\u010dn\u00ed v\u00edt\u011bzku ze zem\u011b, kter\u00e1 se objevila na Chodsku poprv\u00e9.\u00a0<strong>Marina Andreea Baboi<\/strong>\u00a0reprezentovala Rumunsko i na ME dru\u017estev a v Doma\u017elic\u00edch vyhr\u00e1la v\u00fdkonem 11,76s.<br>V\u00edt\u011bzn\u00fd double na 100m a 300m a z\u00e1rove\u0148 obhajobu z lo\u0148ska si p\u0159ipsal plze\u0148sk\u00fd\u00a0<strong>Ji\u0159\u00ed Kube\u0161<\/strong>, kter\u00fd letos startuje v barv\u00e1ch Dukly Praha. Dopl\u0148me, \u017ee 300m \u017een vyhr\u00e1la sokolovsk\u00e1 Tereza Sekyrov\u00e1.\u00a0<br>Dal\u0161\u00ed V\u00ddSLEDKY z Doma\u017elic, kde se bl\u00fdskl nap\u0159. Josef Ad\u00e1mek 210m ve v\u00fd\u0161ce\u00a0<a href=\"https:\/\/online.atletika.cz\/vysledky\/39596\">ZDE<\/a><br>V\u00ddSLEDKY z \u00dast\u00ed nad Orlic\u00edc\u00a0<a href=\"http:\/\/pkas.cz\/online.atletika.cz\/vysledky\/40006\">ZDE<\/a><\/p>\n","protected":false},"excerpt":{"rendered":"<p>Chodsk\u00e1 1500 a \u010desk\u00fd dorosteneck\u00fd rekord Jakuba David\u00edka zdroj foto JSEM ATLET Podzimn\u00ed sez\u00f3na za\u010d\u00edn\u00e1 nab\u00edrat na obr\u00e1tk\u00e1ch a sobota 17.8. byla nabit\u00e1 m\u00edtinky po&hellip;<\/p>\n","protected":false},"author":1,"featured_media":345,"comment_status":"open","ping_status":"open","sticky":false,"template":"","format":"standard","meta":{"footnotes":""},"categories":[1],"tags":[],"jetpack_sharing_enabled":true,"jetpack_featured_media_url":"http:\/\/pkas.cz\/wp-content\/uploads\/2019\/09\/davidikrekord2019.jpg","_links":{"self":[{"href":"http:\/\/pkas.cz\/index.php?rest_route=\/wp\/v2\/posts\/344"}],"collection":[{"href":"http:\/\/pkas.cz\/index.php?rest_route=\/wp\/v2\/posts"}],"about":[{"href":"http:\/\/pkas.cz\/index.php?rest_route=\/wp\/v2\/types\/post"}],"author":[{"embeddable":true,"href":"http:\/\/pkas.cz\/index.php?rest_route=\/wp\/v2\/users\/1"}],"replies":[{"embeddable":true,"href":"http:\/\/pkas.cz\/index.php?rest_route=%2Fwp%2Fv2%2Fcomments&post=344"}],"version-history":[{"count":1,"href":"http:\/\/pkas.cz\/index.php?rest_route=\/wp\/v2\/posts\/344\/revisions"}],"predecessor-version":[{"id":346,"href":"http:\/\/pkas.cz\/index.php?rest_route=\/wp\/v2\/posts\/344\/revisions\/346"}],"wp:featuredmedia":[{"embeddable":true,"href":"http:\/\/pkas.cz\/index.php?rest_route=\/wp\/v2\/media\/345"}],"wp:attachment":[{"href":"http:\/\/pkas.cz\/index.php?rest_route=%2Fwp%2Fv2%2Fmedia&parent=344"}],"wp:term":[{"taxonomy":"category","embeddable":true,"href":"http:\/\/pkas.cz\/index.php?rest_route=%2Fwp%2Fv2%2Fcategories&post=344"},{"taxonomy":"post_tag","embeddable":true,"href":"http:\/\/pkas.cz\/index.php?rest_route=%2Fwp%2Fv2%2Ftags&post=344"}],"curies":[{"name":"wp","href":"https:\/\/api.w.org\/{rel}","templated":true}]}}