{"id":3400,"date":"2023-01-27T08:56:54","date_gmt":"2023-01-27T07:56:54","guid":{"rendered":"http:\/\/pkas.cz\/?p=3400"},"modified":"2023-01-27T08:56:54","modified_gmt":"2023-01-27T07:56:54","slug":"novy-atleticky-tunel-pri-sportovni-gymnaziu-otevren","status":"publish","type":"post","link":"http:\/\/pkas.cz\/?p=3400","title":{"rendered":"Nov\u00fd atletick\u00fd tunel p\u0159i Sportovn\u00ed gymn\u00e1ziu otev\u0159en"},"content":{"rendered":"<h1>Nov\u00fd atletick\u00fd tunel p\u0159i Sportovn\u00ed gymn\u00e1ziu otev\u0159en<\/h1>\n<p><img loading=\"lazy\" decoding=\"async\" class=\"alignnone wp-image-3398\" src=\"http:\/\/pkas.cz\/wp-content\/uploads\/2023\/01\/TUNEL-sg-2023-300x174.jpg\" alt=\"\" width=\"507\" height=\"294\" srcset=\"http:\/\/pkas.cz\/wp-content\/uploads\/2023\/01\/TUNEL-sg-2023-300x174.jpg 300w, http:\/\/pkas.cz\/wp-content\/uploads\/2023\/01\/TUNEL-sg-2023.jpg 750w\" sizes=\"(max-width: 507px) 100vw, 507px\" \/><\/p>\n<p>FOTOZDROJ: DEN\u00cdK.CZ<\/p>\n<p>Nov\u00fd atletick\u00fd tunel s\u00a0modern\u00edm z\u00e1zem\u00edm dnes slavnostn\u011b uvedli do provozu z\u00e1stupci Plze\u0148sk\u00e9ho kraje a m\u011bsta Plzn\u011b. Prostory tunelu se z\u00e1zem\u00edm navazuj\u00ed na sportovn\u00ed halu Sportovn\u00edho gymn\u00e1zia Plze\u0148. Stavba tunelu a p\u0159ilehl\u00e9ho parkovi\u0161t\u011b s\u00a0v\u00edce ne\u017e pades\u00e1tkou parkovac\u00edch m\u00edst trvala rok a vy\u0161la Plze\u0148sk\u00fd kraj na t\u00e9m\u011b\u0159 118\u00a0mil. K\u010d. M\u011bsto Plze\u0148 na realizaci stavby poskytlo vybran\u00e9 pozemky, jejich\u017e vypo\u0159\u00e1d\u00e1n\u00ed prob\u011bhne po zam\u011b\u0159en\u00ed\u00a0stavby.<br \/>\n\u201eSportovn\u00ed gymn\u00e1zium m\u00e1 od roku 2016\u00a0modern\u00ed sportovn\u00ed halu, na kterou je nyn\u00ed provozn\u011b p\u0159ipojen nov\u00fd atletick\u00fd tunel. Ten je navr\u017een tak, aby sv\u00fdmi parametry spl\u0148oval po\u017eadavky mezin\u00e1rodn\u00ed atletick\u00e9 federace. Pro sportovce je vybudov\u00e1no modern\u00ed z\u00e1zem\u00ed, kde je relaxa\u010dn\u00ed prostor, sauna i\u00a0fyzioterapie. Sou\u010d\u00e1st\u00ed novostavby je tak\u00e9 v\u00fdtah pro voz\u00ed\u010dk\u00e1\u0159e. Tunel bude slou\u017eit tak nejen sportovc\u016fm krajsk\u00e9ho gymn\u00e1zia, ale budou jej vyu\u017e\u00edvat i\u00a0sportovn\u00ed kluby a samoz\u0159ejm\u011b i\u00a0ve\u0159ejnost,\u201c \u0159\u00edk\u00e1 hejtman Plze\u0148sk\u00e9ho kraje Rudolf \u0160pot\u00e1k a dod\u00e1v\u00e1: \u201eKvalitn\u00ed p\u0159\u00edprava sportovc\u016f nen\u00ed jen v\u00a0samotn\u00e9 fyzick\u00e9 p\u0159\u00edprav\u011b, ale spo\u010d\u00edv\u00e1 pr\u00e1v\u011b i\u00a0v\u00a0modern\u00edm z\u00e1zem\u00ed, kde bude mo\u017enost regenerace i\u00a0fyzioterapie a v\u0161e spojen\u00e9 na p\u0159\u00edstupn\u00e9m m\u00edst\u011b p\u0159\u00edmo ve \u0161kole.\u201c<\/p>\n<p>Objekt samotn\u00fd m\u00e1 dv\u011b \u010d\u00e1sti, a to je vlastn\u00ed tunel pro sportovce a modern\u00ed z\u00e1zem\u00ed. V\u00a0p\u0159\u00edzem\u00ed se nach\u00e1z\u00ed vlastn\u00ed atletick\u00fd tunel, kter\u00fd umo\u017e\u0148uje tr\u00e9nink nebo z\u00e1vod v\u00a0\u0159ad\u011b atletick\u00fdch discipl\u00edn &#8211; b\u011bh na 100\u00a0m, p\u0159ek\u00e1\u017ekov\u00fd b\u011bh, skok do d\u00e1lky, trojskok, skok do v\u00fd\u0161ky, skok o\u00a0ty\u010di a vrha\u010dsk\u00e9 discipl\u00edny, u\u00a0kter\u00fdch jde pouze o\u00a0tr\u00e9nink prvn\u00ed f\u00e1ze vrhu do namontovan\u00e9 s\u00edt\u011b. Rozm\u011bry a sv\u011btl\u00e9 v\u00fd\u0161ky sportovn\u00edch prostor jsou navr\u017eeny dle po\u017eadavk\u016f a zad\u00e1n\u00ed Mezin\u00e1rodn\u00ed atletick\u00e9 federace (IAAF). P\u0159es hlavn\u00ed vstup je z\u00e1rove\u0148 nov\u011b z\u0159\u00edzen p\u0159\u00edstup do hledi\u0161t\u011b st\u00e1vaj\u00edc\u00ed sportovn\u00ed haly. Ve 2.\u00a0podla\u017e\u00ed jsou um\u00edst\u011bny prostory se z\u00e1zem\u00edm pro sportovce a tren\u00e9ry. Jsou zde \u0161atny se soci\u00e1ln\u00edm z\u00e1zem\u00edm, relaxa\u010dn\u00ed m\u00edstnosti pro mu\u017ee a \u017eeny, sauny, sklady pr\u00e1dla, m\u00edstnost pro mas\u00e1\u017ee a technick\u00e9 z\u00e1zem\u00ed. P\u0159\u00edmo u\u00a0hlavn\u00edho vstupu je navr\u017een v\u00fdtah pro bezbari\u00e9rov\u00fd p\u0159\u00edstup do z\u00e1zem\u00ed ve 2.\u00a0podla\u017e\u00ed. Cena stavby, kter\u00e1 prob\u00edhala od prosince 2021\u00a0do prosince 2022, je 117,6\u00a0mil. K\u010d v\u010d. DPH (97,2\u00a0mil. K\u010d bez DPH).<\/p>\n<p>Atletick\u00fd tunel byl vybudov\u00e1n na pozemc\u00edch jak Plze\u0148sk\u00e9ho kraje, tak i\u00a0Statut\u00e1rn\u00edho m\u011bsta Plze\u0148. Po zam\u011b\u0159en\u00ed stavby dojde k\u00a0majetkopr\u00e1vn\u00edmu vypo\u0159\u00e1d\u00e1n\u00ed, kdy atletick\u00fd tunel bude na pozemc\u00edch Plze\u0148sk\u00e9ho kraje a bude p\u0159ipojen ke st\u00e1vaj\u00edc\u00edmu are\u00e1lu ve Vejprnick\u00e9 ulici (SOU elektrotechnick\u00e9 Plze\u0148) a nov\u00e9 parkovi\u0161t\u011b, v\u010detn\u011b cyklostezky mezi ob\u011bma sportovn\u00edmi komplexy bude majetkov\u011b Statut\u00e1rn\u00edho m\u011bsta Plze\u0148.<br \/>\nSou\u010d\u00e1st\u00ed stavby je i\u00a0nov\u011b vybudovan\u00e9 parkovi\u0161t\u011b v\u00a0po\u010dtu 52\u00a0m\u00edst pro osobn\u00ed automobily. \u201eToto parkovi\u0161t\u011b je n\u00e1hradou za zastav\u011bn\u00e1 parkovac\u00ed m\u00edsta, kter\u00e1 slou\u017eila pro Atletick\u00fd stadion m\u011bsta Plzn\u011b. V\u00a0are\u00e1lu elektrotechnick\u00e9ho u\u010dili\u0161t\u011b, v\u00a0bl\u00edzkosti hlavn\u00edho vstupu do Atletick\u00e9ho tunelu, jsou nov\u011b vybudovan\u00e1 pak dv\u011b m\u00edsta pro autobusy a tak\u00e9 prostory vyhrazen\u00e9 pro vozidla Hasi\u010dsk\u00e9ho z\u00e1chrann\u00e9ho sboru pro p\u0159\u00edpad z\u00e1sahu,\u201c dopl\u0148uje n\u00e1m\u011bstek hejtmana pro oblast soci\u00e1ln\u00edch v\u011bc\u00ed, investic a majetku Martin Z\u00e1ho\u0159 s\u00a0t\u00edm, \u017ee je nav\u00fd\u0161ena kapacita parkovi\u0161t\u011b o\u00a014 m\u00edst oproti p\u016fvodn\u00edm 38\u00a0m\u00edst\u016fm.<\/p>\n<p><a href=\"https:\/\/plzensky.denik.cz\/galerie\/novy-atleticky-tunel-s-modernim-zazemim-slouzi-sportovnimu-gymnaziu-v-plzni.html?back=371292525-2064-46&amp;photo=1\">FOTOGALERIE DEN\u00cdKU<\/a><\/p>\n<p>P\u0159evzato z Den\u00edk.cz (https:\/\/plzensky.denik.cz\/zpravy_region\/na-plzenskem-sportovnim-gymnaziu-otevreli-novy-atleticky-tunel-20230125.html)<\/p>\n","protected":false},"excerpt":{"rendered":"<p>Nov\u00fd atletick\u00fd tunel p\u0159i Sportovn\u00ed gymn\u00e1ziu otev\u0159en FOTOZDROJ: DEN\u00cdK.CZ Nov\u00fd atletick\u00fd tunel s\u00a0modern\u00edm z\u00e1zem\u00edm dnes slavnostn\u011b uvedli do provozu z\u00e1stupci Plze\u0148sk\u00e9ho kraje a m\u011bsta Plzn\u011b.&hellip;<\/p>\n","protected":false},"author":2,"featured_media":3398,"comment_status":"closed","ping_status":"closed","sticky":false,"template":"","format":"standard","meta":{"footnotes":""},"categories":[1],"tags":[],"jetpack_sharing_enabled":true,"jetpack_featured_media_url":"http:\/\/pkas.cz\/wp-content\/uploads\/2023\/01\/TUNEL-sg-2023.jpg","_links":{"self":[{"href":"http:\/\/pkas.cz\/index.php?rest_route=\/wp\/v2\/posts\/3400"}],"collection":[{"href":"http:\/\/pkas.cz\/index.php?rest_route=\/wp\/v2\/posts"}],"about":[{"href":"http:\/\/pkas.cz\/index.php?rest_route=\/wp\/v2\/types\/post"}],"author":[{"embeddable":true,"href":"http:\/\/pkas.cz\/index.php?rest_route=\/wp\/v2\/users\/2"}],"replies":[{"embeddable":true,"href":"http:\/\/pkas.cz\/index.php?rest_route=%2Fwp%2Fv2%2Fcomments&post=3400"}],"version-history":[{"count":1,"href":"http:\/\/pkas.cz\/index.php?rest_route=\/wp\/v2\/posts\/3400\/revisions"}],"predecessor-version":[{"id":3401,"href":"http:\/\/pkas.cz\/index.php?rest_route=\/wp\/v2\/posts\/3400\/revisions\/3401"}],"wp:featuredmedia":[{"embeddable":true,"href":"http:\/\/pkas.cz\/index.php?rest_route=\/wp\/v2\/media\/3398"}],"wp:attachment":[{"href":"http:\/\/pkas.cz\/index.php?rest_route=%2Fwp%2Fv2%2Fmedia&parent=3400"}],"wp:term":[{"taxonomy":"category","embeddable":true,"href":"http:\/\/pkas.cz\/index.php?rest_route=%2Fwp%2Fv2%2Fcategories&post=3400"},{"taxonomy":"post_tag","embeddable":true,"href":"http:\/\/pkas.cz\/index.php?rest_route=%2Fwp%2Fv2%2Ftags&post=3400"}],"curies":[{"name":"wp","href":"https:\/\/api.w.org\/{rel}","templated":true}]}}