{"id":339,"date":"2019-09-01T11:24:48","date_gmt":"2019-09-01T09:24:48","guid":{"rendered":"http:\/\/pkas.cz\/?p=339"},"modified":"2019-09-01T11:24:50","modified_gmt":"2019-09-01T09:24:50","slug":"rozhovor-mesice-srpna-na-webu-atletika-cz-patril-bratrum-forejtum","status":"publish","type":"post","link":"http:\/\/pkas.cz\/?p=339","title":{"rendered":"Rozhovor m\u011bs\u00edce srpna na webu atletika.cz pat\u0159il bratr\u016fm Forejt\u016fm"},"content":{"rendered":"\n<h1 class=\"wp-block-heading\" style=\"text-align:center\"> Rozhovor m\u011bs\u00edce srpna na webu atletika.cz pat\u0159il bratr\u016fm Forejt\u016fm <\/h1>\n\n\n\n<figure class=\"wp-block-image\"><img loading=\"lazy\" decoding=\"async\" width=\"540\" height=\"281\" src=\"http:\/\/pkas.cz\/wp-content\/uploads\/2019\/09\/forejtimedaile2019.jpg\" alt=\"forejtimedaile2019\" class=\"wp-image-340\" srcset=\"http:\/\/pkas.cz\/wp-content\/uploads\/2019\/09\/forejtimedaile2019.jpg 540w, http:\/\/pkas.cz\/wp-content\/uploads\/2019\/09\/forejtimedaile2019-300x156.jpg 300w\" sizes=\"(max-width: 540px) 100vw, 540px\" \/><figcaption>Jakub Forejt a Michal Forejt s tren\u00e9rkou Luci\u00ed Pla\u0161ilovou<\/figcaption><\/figure>\n\n\n\n<p><em>p\u0159evzato z atletika.cz<\/em><\/p>\n\n\n\n<p>Hosty na\u0161\u00ed rubriky \u201eRozhovor m\u011bs\u00edce\u201c jsou tentokr\u00e1t diska\u0159sk\u00e1 dvoj\u010data brat\u0159i Jakub a Michal Forejtovi, kte\u0159\u00ed p\u0159ivezli z ned\u00e1vn\u00e9ho MEJ ve \u0161v\u00e9dsk\u00e9m Boras st\u0159\u00edbro a bronz. CEL\u00dd ROZHOVOR\u00a0<a href=\"http:\/\/pkas.cz\/atletika.cz\/rozhovor-mesice\/bratri-forejtovi-rozhovor-srpna\/\">ZDE<\/a><\/p>\n","protected":false},"excerpt":{"rendered":"<p>Rozhovor m\u011bs\u00edce srpna na webu atletika.cz pat\u0159il bratr\u016fm Forejt\u016fm p\u0159evzato z atletika.cz Hosty na\u0161\u00ed rubriky \u201eRozhovor m\u011bs\u00edce\u201c jsou tentokr\u00e1t diska\u0159sk\u00e1 dvoj\u010data brat\u0159i Jakub a Michal&hellip;<\/p>\n","protected":false},"author":1,"featured_media":340,"comment_status":"open","ping_status":"open","sticky":false,"template":"","format":"standard","meta":{"footnotes":""},"categories":[1],"tags":[],"jetpack_sharing_enabled":true,"jetpack_featured_media_url":"http:\/\/pkas.cz\/wp-content\/uploads\/2019\/09\/forejtimedaile2019.jpg","_links":{"self":[{"href":"http:\/\/pkas.cz\/index.php?rest_route=\/wp\/v2\/posts\/339"}],"collection":[{"href":"http:\/\/pkas.cz\/index.php?rest_route=\/wp\/v2\/posts"}],"about":[{"href":"http:\/\/pkas.cz\/index.php?rest_route=\/wp\/v2\/types\/post"}],"author":[{"embeddable":true,"href":"http:\/\/pkas.cz\/index.php?rest_route=\/wp\/v2\/users\/1"}],"replies":[{"embeddable":true,"href":"http:\/\/pkas.cz\/index.php?rest_route=%2Fwp%2Fv2%2Fcomments&post=339"}],"version-history":[{"count":1,"href":"http:\/\/pkas.cz\/index.php?rest_route=\/wp\/v2\/posts\/339\/revisions"}],"predecessor-version":[{"id":341,"href":"http:\/\/pkas.cz\/index.php?rest_route=\/wp\/v2\/posts\/339\/revisions\/341"}],"wp:featuredmedia":[{"embeddable":true,"href":"http:\/\/pkas.cz\/index.php?rest_route=\/wp\/v2\/media\/340"}],"wp:attachment":[{"href":"http:\/\/pkas.cz\/index.php?rest_route=%2Fwp%2Fv2%2Fmedia&parent=339"}],"wp:term":[{"taxonomy":"category","embeddable":true,"href":"http:\/\/pkas.cz\/index.php?rest_route=%2Fwp%2Fv2%2Fcategories&post=339"},{"taxonomy":"post_tag","embeddable":true,"href":"http:\/\/pkas.cz\/index.php?rest_route=%2Fwp%2Fv2%2Ftags&post=339"}],"curies":[{"name":"wp","href":"https:\/\/api.w.org\/{rel}","templated":true}]}}