{"id":3387,"date":"2023-01-23T13:36:30","date_gmt":"2023-01-23T12:36:30","guid":{"rendered":"http:\/\/pkas.cz\/?p=3387"},"modified":"2023-01-24T21:14:30","modified_gmt":"2023-01-24T20:14:30","slug":"halove-oblastni-mistrovstvi-plzenskeho-kraje-dospelych-a-dorostu","status":"publish","type":"post","link":"http:\/\/pkas.cz\/?p=3387","title":{"rendered":"Halov\u00e9 oblastn\u00ed mistrovstv\u00ed Plze\u0148sk\u00e9ho kraje dosp\u011bl\u00fdch a dorostu"},"content":{"rendered":"<h1>Halov\u00e9 oblastn\u00ed mistrovstv\u00ed Plze\u0148sk\u00e9ho kraje dosp\u011bl\u00fdch a dorostu<\/h1>\n<p><img loading=\"lazy\" decoding=\"async\" class=\"alignnone size-medium wp-image-3390\" src=\"http:\/\/pkas.cz\/wp-content\/uploads\/2023\/01\/IMG-20230122-WA0015-300x225.jpg\" alt=\"\" width=\"300\" height=\"225\" srcset=\"http:\/\/pkas.cz\/wp-content\/uploads\/2023\/01\/IMG-20230122-WA0015-300x225.jpg 300w, http:\/\/pkas.cz\/wp-content\/uploads\/2023\/01\/IMG-20230122-WA0015-1024x768.jpg 1024w, http:\/\/pkas.cz\/wp-content\/uploads\/2023\/01\/IMG-20230122-WA0015-768x576.jpg 768w, http:\/\/pkas.cz\/wp-content\/uploads\/2023\/01\/IMG-20230122-WA0015-1536x1152.jpg 1536w, http:\/\/pkas.cz\/wp-content\/uploads\/2023\/01\/IMG-20230122-WA0015.jpg 2048w\" sizes=\"(max-width: 300px) 100vw, 300px\" \/><img loading=\"lazy\" decoding=\"async\" class=\"alignnone size-medium wp-image-3388\" src=\"http:\/\/pkas.cz\/wp-content\/uploads\/2023\/01\/IMG-20230122-WA0019-300x225.jpg\" alt=\"\" width=\"300\" height=\"225\" srcset=\"http:\/\/pkas.cz\/wp-content\/uploads\/2023\/01\/IMG-20230122-WA0019-300x225.jpg 300w, http:\/\/pkas.cz\/wp-content\/uploads\/2023\/01\/IMG-20230122-WA0019-1024x768.jpg 1024w, http:\/\/pkas.cz\/wp-content\/uploads\/2023\/01\/IMG-20230122-WA0019-768x576.jpg 768w, http:\/\/pkas.cz\/wp-content\/uploads\/2023\/01\/IMG-20230122-WA0019-1536x1152.jpg 1536w, http:\/\/pkas.cz\/wp-content\/uploads\/2023\/01\/IMG-20230122-WA0019.jpg 2000w\" sizes=\"(max-width: 300px) 100vw, 300px\" \/><img loading=\"lazy\" decoding=\"async\" class=\"alignnone size-medium wp-image-3389\" src=\"http:\/\/pkas.cz\/wp-content\/uploads\/2023\/01\/IMG-20230122-WA0020-300x225.jpg\" alt=\"\" width=\"300\" height=\"225\" srcset=\"http:\/\/pkas.cz\/wp-content\/uploads\/2023\/01\/IMG-20230122-WA0020-300x225.jpg 300w, http:\/\/pkas.cz\/wp-content\/uploads\/2023\/01\/IMG-20230122-WA0020-1024x768.jpg 1024w, http:\/\/pkas.cz\/wp-content\/uploads\/2023\/01\/IMG-20230122-WA0020-768x576.jpg 768w, http:\/\/pkas.cz\/wp-content\/uploads\/2023\/01\/IMG-20230122-WA0020-1536x1152.jpg 1536w, http:\/\/pkas.cz\/wp-content\/uploads\/2023\/01\/IMG-20230122-WA0020.jpg 2000w\" sizes=\"(max-width: 300px) 100vw, 300px\" \/><\/p>\n<p>fotografie: Adriana Ujkanovi\u010dov\u00e1, Nat\u00e1lie Simkovi\u010dov\u00e1<\/p>\n<p>V ned\u011bli 22. ledna se v Praze uskute\u010dnilo halov\u00e9 oblastn\u00ed mistrovstv\u00ed Plze\u0148sk\u00e9ho kraje. Krom\u011b z\u00e1vodn\u00edk\u016f z dom\u00e1c\u00edho kraje se z\u00fa\u010dastnila i \u0159ada z\u00e1vodn\u00edk\u016f mimo sout\u011b\u017e. Celkov\u011b to znamenalo \u00fa\u010dast 489 z\u00e1vodn\u00edk\u016f z 66 klub\u016f, 683 start\u016f ve 44 discipl\u00edn\u00e1ch.<\/p>\n<p>Celkem padlo na mistrovstv\u00ed 12 nejlep\u0161\u00edch v\u00fdkon\u016f \u010cR nap\u0159\u00ed\u010d kategoriemi.<\/p>\n<p><a href=\"https:\/\/online.atletika.cz\/vysledky\/66517\/0\/2\">P\u0158IN\u00c1\u0160\u00cdME KOMPLETN\u00cd V\u00ddSLEDKY<\/a><\/p>\n","protected":false},"excerpt":{"rendered":"<p>Halov\u00e9 oblastn\u00ed mistrovstv\u00ed Plze\u0148sk\u00e9ho kraje dosp\u011bl\u00fdch a dorostu fotografie: Adriana Ujkanovi\u010dov\u00e1, Nat\u00e1lie Simkovi\u010dov\u00e1 V ned\u011bli 22. ledna se v Praze uskute\u010dnilo halov\u00e9 oblastn\u00ed mistrovstv\u00ed Plze\u0148sk\u00e9ho&hellip;<\/p>\n","protected":false},"author":2,"featured_media":3388,"comment_status":"closed","ping_status":"closed","sticky":false,"template":"","format":"standard","meta":{"footnotes":""},"categories":[1],"tags":[],"jetpack_sharing_enabled":true,"jetpack_featured_media_url":"http:\/\/pkas.cz\/wp-content\/uploads\/2023\/01\/IMG-20230122-WA0019.jpg","_links":{"self":[{"href":"http:\/\/pkas.cz\/index.php?rest_route=\/wp\/v2\/posts\/3387"}],"collection":[{"href":"http:\/\/pkas.cz\/index.php?rest_route=\/wp\/v2\/posts"}],"about":[{"href":"http:\/\/pkas.cz\/index.php?rest_route=\/wp\/v2\/types\/post"}],"author":[{"embeddable":true,"href":"http:\/\/pkas.cz\/index.php?rest_route=\/wp\/v2\/users\/2"}],"replies":[{"embeddable":true,"href":"http:\/\/pkas.cz\/index.php?rest_route=%2Fwp%2Fv2%2Fcomments&post=3387"}],"version-history":[{"count":2,"href":"http:\/\/pkas.cz\/index.php?rest_route=\/wp\/v2\/posts\/3387\/revisions"}],"predecessor-version":[{"id":3392,"href":"http:\/\/pkas.cz\/index.php?rest_route=\/wp\/v2\/posts\/3387\/revisions\/3392"}],"wp:featuredmedia":[{"embeddable":true,"href":"http:\/\/pkas.cz\/index.php?rest_route=\/wp\/v2\/media\/3388"}],"wp:attachment":[{"href":"http:\/\/pkas.cz\/index.php?rest_route=%2Fwp%2Fv2%2Fmedia&parent=3387"}],"wp:term":[{"taxonomy":"category","embeddable":true,"href":"http:\/\/pkas.cz\/index.php?rest_route=%2Fwp%2Fv2%2Fcategories&post=3387"},{"taxonomy":"post_tag","embeddable":true,"href":"http:\/\/pkas.cz\/index.php?rest_route=%2Fwp%2Fv2%2Ftags&post=3387"}],"curies":[{"name":"wp","href":"https:\/\/api.w.org\/{rel}","templated":true}]}}