{"id":3367,"date":"2023-01-08T16:17:04","date_gmt":"2023-01-08T15:17:04","guid":{"rendered":"http:\/\/pkas.cz\/?p=3367"},"modified":"2023-01-08T16:39:50","modified_gmt":"2023-01-08T15:39:50","slug":"nejlepsi-atleti-pkas-2022-juniori","status":"publish","type":"post","link":"http:\/\/pkas.cz\/?p=3367","title":{"rendered":"Nejlep\u0161\u00ed atleti PKAS 2022 &#8211; Junio\u0159i"},"content":{"rendered":"<h1>Nejlep\u0161\u00ed atleti PKAS 2022 &#8211; Junio\u0159i<\/h1>\n<p><em><strong><img loading=\"lazy\" decoding=\"async\" class=\" wp-image-3369 alignleft\" src=\"http:\/\/pkas.cz\/wp-content\/uploads\/2023\/01\/djuniori2022-300x200.jpg\" alt=\"\" width=\"554\" height=\"369\" srcset=\"http:\/\/pkas.cz\/wp-content\/uploads\/2023\/01\/djuniori2022-300x200.jpg 300w, http:\/\/pkas.cz\/wp-content\/uploads\/2023\/01\/djuniori2022-1024x683.jpg 1024w, http:\/\/pkas.cz\/wp-content\/uploads\/2023\/01\/djuniori2022-768x512.jpg 768w, http:\/\/pkas.cz\/wp-content\/uploads\/2023\/01\/djuniori2022-391x260.jpg 391w, http:\/\/pkas.cz\/wp-content\/uploads\/2023\/01\/djuniori2022-1536x1024.jpg 1536w, http:\/\/pkas.cz\/wp-content\/uploads\/2023\/01\/djuniori2022-2048x1365.jpg 2048w\" sizes=\"(max-width: 554px) 100vw, 554px\" \/><\/strong><\/em><\/p>\n<p>&nbsp;<\/p>\n<p>&nbsp;<\/p>\n<p>&nbsp;<\/p>\n<p>&nbsp;<\/p>\n<p>&nbsp;<\/p>\n<p>&nbsp;<\/p>\n<p>&nbsp;<\/p>\n<p>&nbsp;<\/p>\n<p>&nbsp;<\/p>\n<p>&nbsp;<\/p>\n<p>&nbsp;<\/p>\n<p>Prvn\u00ed p\u00e1te\u010dn\u00ed ve\u010der roku 2023 pat\u0159il ve spole\u010densk\u00e9m s\u00e1lu SOUE Plze\u0148 vyhl\u00e1\u0161en\u00ed nejlep\u0161\u00edch atlet\u016f v Plze\u0148sk\u00e9m kraji za rok 2022. Za p\u0159\u00edtomnosti hejtmana Plz. kraje Rudolfa \u0160pot\u00e1ka a n\u00e1m\u011bstk\u016f Vladim\u00edra Kroce s Martinem Z\u00e1ho\u0159em, \u0159editelky Sportovn\u00edho gymn\u00e1zia Mileny Majerov\u00e9 a dal\u0161\u00edch host\u016f prob\u011bhlo dekorov\u00e1n\u00ed t\u0159\u00ed nejlep\u0161\u00edch v kategorii junior\u016f:<\/p>\n<p>&nbsp;<\/p>\n<p><em><strong>UM\u00cdST\u011aN\u00cd<\/strong><\/em><\/p>\n<ol>\n<li>\n<h2>MICHAL HAIDELMEIER<\/h2>\n<\/li>\n<li>\n<h2>JAROM\u00cdR MOR\u00c1VEK<\/h2>\n<\/li>\n<li>\n<h2>PETRA SI\u010cAKOV\u00c1<\/h2>\n<\/li>\n<\/ol>\n<p><strong>NOMINACE<\/strong><\/p>\n<p><strong>HAIDELMEIER MICHAL (SKPLZ)<\/strong> \u2013 27. m\u00edsto MS U20 400 m, 7. m\u00edsto MS U20 \u0161tafeta 4x 400 m (nov\u00fd<br \/>\njuniorsk\u00fd \u010desk\u00fd rekord), 2. m\u00edsto HM\u010cR U20 400 m, 1. m\u00edsto HM\u010cR U20 \u0161tafeta 4x 200 m (rekord<br \/>\nmistrovstv\u00ed), krajsk\u00fd rekord 400 m U20<br \/>\n<strong>HOLE\u010cKOV\u00c1 VENDULA (SKPLZ)<\/strong> \u2013 4. m\u00edsto MU ve vrz\u00edch Hod kladivem, 5. m\u00edsto MU U20 hod kladivem,<br \/>\n2. m\u00edsto M\u010cR U20 hod kladivem<br \/>\n<strong>HOSTKOV\u00c1 ELI\u0160KA (SUSIC)<\/strong> \u2013 1. m\u00edsto M\u010cR U20 p\u0159espoln\u00ed b\u011bh, 2. m\u00edsto M\u010cR U20 10 km silnice, 3. m\u00edsto<br \/>\nM\u010cR U20 10 000 m, krajsk\u00fd juniorsk\u00fd rekord 10 km silnice<br \/>\n<strong>HRU\u0160KOV\u00c1 DENISA (STRIB)<\/strong> &#8211; 3. m\u00edsto HM\u010cR U20 vrh koul\u00ed<br \/>\n<strong>KUBOU\u0160KOV\u00c1 SIMONA (DOMAZ)<\/strong> \u2013 3. m\u00edsto M\u010cR U20 hod kladivem<br \/>\n<strong>M\u00cdKA OND\u0158EJ (SKPLZ)<\/strong> \u2013 5. m\u00edsto MU U20 200 m, 1. m\u00edsto M\u010cR U20 200 m, 1. m\u00edsto HM\u010cR U20 \u0161tafeta<br \/>\n4x 200 m (rekord mistrovstv\u00ed)<br \/>\n<strong>MOR\u00c1VEK JAROM\u00cdR (SKPLZ)<\/strong> \u2013 \u00fa\u010dast na MS v ch\u016fzi dru\u017estev, \u00fa\u010dast na MS U20 ch\u016fze, 3. m\u00edsto MU U20<br \/>\nch\u016fze 10 km, 1. m\u00edsto M\u010cR U20 ch\u016fze 10 km, 1. m\u00edsto HM\u010cR U20 ch\u016fze 5000 m<br \/>\n<strong>PETERKA JAKUB (SKPLZ)<\/strong> &#8211; 3. m\u00edsto HM\u010cR U20 skok dalek\u00fd, 1. m\u00edsto HM\u010cR U20 \u0161tafeta 4x 200 m (rekord<br \/>\nmistrovstv\u00ed)<br \/>\n<strong>PROCH\u00c1ZKA TOM\u00c1\u0160 (SKPLZ)<\/strong> \u2013 4. m\u00edsto MU ve vrz\u00edch U20 vrh koul\u00ed, 4. m\u00edsto MU U20 vrh koul\u00ed, 2. m\u00edsto<br \/>\nM\u010cR U23 vrh koul\u00ed, 1. m\u00edsto M\u010cR U20 vrh koul\u00ed, 1. m\u00edsto HM\u010cR U20 vrh koul\u00ed<br \/>\n<strong>SI\u010cAKOV\u00c1 PETRA (SKPLZ)<\/strong> \u2013 5. m\u00edsto Evropsk\u00fd poh\u00e1r ve vrz\u00edch Hod o\u0161t\u011bpem, nominace MS U20 hod<br \/>\no\u0161t\u011bpem, 4. m\u00edsto MU U20 hod o\u0161t\u011bpem, 3. m\u00edsto M\u010cR U23 hod o\u0161t\u011bpem, 1. m\u00edsto M\u010cR U20 hod<br \/>\no\u0161t\u011bpem, krajsk\u00fd rekord hod o\u0161t\u011bpem<br \/>\n<strong>TR\u00c1VN\u00cd\u010cEK \u0160T\u011aP\u00c1N (STRIB)<\/strong> \u2013 1. m\u00edsto HM\u010cR U20 800 m<br \/>\n<strong>VR\u00c1NEK NICK (SKPLZ)<\/strong> \u2013 7. m\u00edsto MU U20 hod kladivem, 2. m\u00edsto M\u010cR U20 hod kladivem, krajsk\u00fd<br \/>\nrekord v hodu kladivem<\/p>\n<p>autor fotografie Eva Perglerov\u00e1<\/p>\n","protected":false},"excerpt":{"rendered":"<p>Nejlep\u0161\u00ed atleti PKAS 2022 &#8211; Junio\u0159i &nbsp; &nbsp; &nbsp; &nbsp; &nbsp; &nbsp; &nbsp; &nbsp; &nbsp; &nbsp; &nbsp; Prvn\u00ed p\u00e1te\u010dn\u00ed ve\u010der roku 2023 pat\u0159il ve spole\u010densk\u00e9m&hellip;<\/p>\n","protected":false},"author":2,"featured_media":3369,"comment_status":"closed","ping_status":"closed","sticky":false,"template":"","format":"standard","meta":{"footnotes":""},"categories":[1],"tags":[],"jetpack_sharing_enabled":true,"jetpack_featured_media_url":"http:\/\/pkas.cz\/wp-content\/uploads\/2023\/01\/djuniori2022-scaled.jpg","_links":{"self":[{"href":"http:\/\/pkas.cz\/index.php?rest_route=\/wp\/v2\/posts\/3367"}],"collection":[{"href":"http:\/\/pkas.cz\/index.php?rest_route=\/wp\/v2\/posts"}],"about":[{"href":"http:\/\/pkas.cz\/index.php?rest_route=\/wp\/v2\/types\/post"}],"author":[{"embeddable":true,"href":"http:\/\/pkas.cz\/index.php?rest_route=\/wp\/v2\/users\/2"}],"replies":[{"embeddable":true,"href":"http:\/\/pkas.cz\/index.php?rest_route=%2Fwp%2Fv2%2Fcomments&post=3367"}],"version-history":[{"count":3,"href":"http:\/\/pkas.cz\/index.php?rest_route=\/wp\/v2\/posts\/3367\/revisions"}],"predecessor-version":[{"id":3377,"href":"http:\/\/pkas.cz\/index.php?rest_route=\/wp\/v2\/posts\/3367\/revisions\/3377"}],"wp:featuredmedia":[{"embeddable":true,"href":"http:\/\/pkas.cz\/index.php?rest_route=\/wp\/v2\/media\/3369"}],"wp:attachment":[{"href":"http:\/\/pkas.cz\/index.php?rest_route=%2Fwp%2Fv2%2Fmedia&parent=3367"}],"wp:term":[{"taxonomy":"category","embeddable":true,"href":"http:\/\/pkas.cz\/index.php?rest_route=%2Fwp%2Fv2%2Fcategories&post=3367"},{"taxonomy":"post_tag","embeddable":true,"href":"http:\/\/pkas.cz\/index.php?rest_route=%2Fwp%2Fv2%2Ftags&post=3367"}],"curies":[{"name":"wp","href":"https:\/\/api.w.org\/{rel}","templated":true}]}}