{"id":3362,"date":"2023-01-08T16:05:41","date_gmt":"2023-01-08T15:05:41","guid":{"rendered":"http:\/\/pkas.cz\/?p=3362"},"modified":"2023-01-08T16:41:47","modified_gmt":"2023-01-08T15:41:47","slug":"nejlepsi-atleti-pkas-2022-dorost","status":"publish","type":"post","link":"http:\/\/pkas.cz\/?p=3362","title":{"rendered":"Nejlep\u0161\u00ed atleti PKAS 2022 &#8211; Dorost"},"content":{"rendered":"<h1>Nejlep\u0161\u00ed atleti PKAS 2022 &#8211; Dorost<\/h1>\n<p><img loading=\"lazy\" decoding=\"async\" class=\" wp-image-3364 alignleft\" src=\"http:\/\/pkas.cz\/wp-content\/uploads\/2023\/01\/dorost2022-300x200.jpg\" alt=\"\" width=\"548\" height=\"365\" srcset=\"http:\/\/pkas.cz\/wp-content\/uploads\/2023\/01\/dorost2022-300x200.jpg 300w, http:\/\/pkas.cz\/wp-content\/uploads\/2023\/01\/dorost2022-1024x683.jpg 1024w, http:\/\/pkas.cz\/wp-content\/uploads\/2023\/01\/dorost2022-768x512.jpg 768w, http:\/\/pkas.cz\/wp-content\/uploads\/2023\/01\/dorost2022-391x260.jpg 391w, http:\/\/pkas.cz\/wp-content\/uploads\/2023\/01\/dorost2022-1536x1024.jpg 1536w, http:\/\/pkas.cz\/wp-content\/uploads\/2023\/01\/dorost2022-2048x1365.jpg 2048w\" sizes=\"(max-width: 548px) 100vw, 548px\" \/><\/p>\n<p>&nbsp;<\/p>\n<p>&nbsp;<\/p>\n<p>&nbsp;<\/p>\n<p>&nbsp;<\/p>\n<p>&nbsp;<\/p>\n<p>&nbsp;<\/p>\n<p>&nbsp;<\/p>\n<p>&nbsp;<\/p>\n<p>&nbsp;<\/p>\n<p>&nbsp;<\/p>\n<p>Prvn\u00ed p\u00e1te\u010dn\u00ed ve\u010der roku 2023 pat\u0159il ve spole\u010densk\u00e9m s\u00e1lu SOUE Plze\u0148 vyhl\u00e1\u0161en\u00ed nejlep\u0161\u00edch atlet\u016f v Plze\u0148sk\u00e9m kraji za rok 2022. Za p\u0159\u00edtomnosti hejtmana Plz. kraje Rudolfa \u0160pot\u00e1ka a n\u00e1m\u011bstk\u016f Vladim\u00edra Kroce s Martinem Z\u00e1ho\u0159em, \u0159editelky Sportovn\u00edho gymn\u00e1zia Mileny Majerov\u00e9 a dal\u0161\u00edch host\u016f prob\u011bhlo dekorov\u00e1n\u00ed t\u0159\u00ed nejlep\u0161\u00edch v kategorii dorostu:<\/p>\n<p><em><strong>UM\u00cdST\u011aN\u00cd<\/strong><\/em><\/p>\n<ol>\n<li>\n<h2><strong>JAN \u0160KARBAN\u00a0<\/strong><\/h2>\n<\/li>\n<li>\n<h2><strong>VIKTORIE J\u00c1NSK\u00c1<\/strong><\/h2>\n<\/li>\n<li>\n<h2><strong>KAROL\u00cdNA MACHOV\u00c1<\/strong><\/h2>\n<\/li>\n<\/ol>\n<p><strong><br \/>\nNOMINACE<\/strong><\/p>\n<p><strong>\u010cERM\u00c1KOV\u00c1 KATE\u0158INA (SKPLZ)<\/strong> \u2013 3. m\u00edsto HM\u010cR U18 skok dalek\u00fd<br \/>\n<strong>DVO\u0158\u00c1KOV\u00c1 KRIST\u00ddNA (SKPLZ)<\/strong> \u2013 1. m\u00edsto HM\u010cR U20 3000 m, 3. m\u00edsto HM\u010cR U20 1500 m<br \/>\n<strong>DZUROV\u00c1 VALERIE (SKPLZ)<\/strong> \u2013 4. m\u00edsto MU U18 400 m p\u0159ek\u00e1\u017eek, 1. m\u00edsto M\u010cR U18 300 m p\u0159ek\u00e1\u017eek,<br \/>\nn\u00e1rodn\u00ed rekord na 300 m p\u0159ek\u00e1\u017eek<br \/>\n<strong>FLEISIG JON\u00c1\u0160 (SKPLZ)<\/strong> \u2013 6. m\u00edsto MU U18 200 m, 4. m\u00edsto EYOF \u0161tafeta, 6. m\u00edsto EYOF 200 m, 3. m\u00edsto<br \/>\nM\u010cR U18 100 m, 3. m\u00edsto M\u010cR U18 200 m, 1. m\u00edsto HM\u010cR U20 \u0161tafeta 4x 200 m (rekord mistrovstv\u00ed),<br \/>\nvyrovnan\u00fd krajsk\u00fd rekord U18 100 m (m\u011b\u0159eno elektronicky)<br \/>\n<strong>FRON\u011aK PAVEL (DOMAZ)<\/strong> \u2013 4. m\u00edsto MU U18 skok vysok\u00fd, 3. m\u00edsto HM\u010cR U18 skok vysok\u00fd<br \/>\n<strong>HAN\u00c1KOV\u00c1 AD\u00c9LA (SKPLZ)<\/strong> \u2013 6. m\u00edsto EYOF v\u00edceboj, 1. m\u00edsto HM\u010cR U18 v\u00edceboj, 3. m\u00edsto HM\u010cR U18<br \/>\nskok vysok\u00fd<br \/>\n<strong>HELLMAYEROV\u00c1 MAGDALENA (SKPLZ)<\/strong> \u2013 20. m\u00edsto ME U18 hod o\u0161t\u011bpem, 1. m\u00edsto MU ve vrz\u00edch U18<br \/>\nHod o\u0161t\u011bpem, 2. m\u00edsto MU U18 hod o\u0161t\u011bpem, 1. m\u00edsto M\u010cR U18 hod o\u0161t\u011bpem<br \/>\n<strong>HONL MARTIN (SKPLZ)<\/strong> \u2013 3. m\u00edsto HM\u010cR U18 3000 m<br \/>\n<strong>J\u00c1NSK\u00c1 VIKTORIE (SKPLZ)<\/strong> \u2013 15. m\u00edsto ME U18 100 m p\u0159ek\u00e1\u017eek, 3. m\u00edsto EYOF skok dalek\u00fd, 4. m\u00edsto<br \/>\nEYOF \u0161tafeta, 5. m\u00edsto EYOF 100 m p\u0159ek\u00e1\u017eek, 1. m\u00edsto M\u010cR U18 100 m p\u0159ek\u00e1\u017eek, 1. m\u00edsto M\u010cR U18 skok<br \/>\ndalek\u00fd, 2. m\u00edsto HM\u010cR U18 60 m p\u0159ek\u00e1\u017eek, 2. m\u00edsto HM\u010cR U18 skok dalek\u00fd, 3. m\u00edsto HM\u010cR U18 200 m,<br \/>\nkrajsk\u00fd rekord U18 100 m p\u0159., krajsk\u00fd rekord U20 100 m p\u0159.<br \/>\n<strong>KUBECOV\u00c1 LUCIE (MILDO)<\/strong> &#8211; 4. m\u00edsto MU U18 800 m, 2. m\u00edsto M\u010cR U18 800 m, 3. m\u00edsto HM\u010cR<br \/>\nU18 800 m<br \/>\n<strong>MACHOV\u00c1 KAROL\u00cdNA (KLATO)<\/strong> &#8211; 4. m\u00edsto MU U18 vrh koul\u00ed, 2. m\u00edsto EYOF vrh koul\u00ed, krajsk\u00fd rekord<br \/>\nU18 ve vrhu koul\u00ed<br \/>\n<strong>PERGLER MICHAL (DOMAZ)<\/strong> \u2013 4. m\u00edsto MU U18 800 m, 3. m\u00edsto M\u010cR U18 800 m, 2. m\u00edsto HM\u010cR U18<br \/>\n800 m<br \/>\n<strong>RIEGEL JAN (DOMAZ)<\/strong> \u2013 3. m\u00edsto MU U18 3000 m, 3. m\u00edsto M\u010cR U18 3000 m<br \/>\n<strong>SALCMANOV\u00c1 KATE\u0158INA (SKPLZ)<\/strong> \u2013 11. m\u00edsto ME U18 v\u00edceboj, 2. m\u00edsto M\u010cR U18 v\u00edceboj, 3. m\u00edsto M\u010cR<br \/>\nU18 skok dalek\u00fd, krajsk\u00fd rekord U18 sedmiboj<br \/>\n<strong>S\u00ddKOROV\u00c1 ANNA (SKPLZ)<\/strong> \u2013 5. m\u00edsto MU ve vrz\u00edch U18 Hod kladivem, 3. m\u00edsto M\u010cR U18 hod kladivem<br \/>\n<strong>\u0160KARBAN JAN (SKPLZ)<\/strong> \u2013 7. m\u00edsto ME U18 2000 m p\u0159ek\u00e1\u017eek, 2. m\u00edsto EYOF 2000 m p\u0159ek\u00e1\u017eek, 1. m\u00edsto<br \/>\nM\u010cR v krosu U18, 1. m\u00edsto M\u010cR U18 2000 m p\u0159ek\u00e1\u017eek, 1. m\u00edsto HM\u010cR U18 3000 m, krajsk\u00fd rekord U18<br \/>\n2000 m p\u0159ek\u00e1\u017eek<br \/>\n<strong>\u0160MRHA JAN (DOMAZ)<\/strong> \u2013 3. m\u00edsto MU U18 400 m, 2. m\u00edsto M\u010cR U18 400 m, 3. m\u00edsto HM\u010cR U18 400 m<br \/>\n<strong>\u0160PIROCH JI\u0158\u00cd (STRIB)<\/strong> \u2013 3. m\u00edsto MU U18 2000 m p\u0159ek\u00e1\u017eek<br \/>\n<strong>Z\u00c1HO\u0158OV\u00c1 TEREZA (STRIB)<\/strong> \u2013 2. m\u00edsto HM\u010cR U18 60 m<br \/>\n<strong>ZAJ\u00cdC VOJT\u011aCH (SKPLZ)<\/strong> \u2013 3. m\u00edsto HM\u010cR U18 v\u00edceboj<\/p>\n<p>autor fotografie Eva Perglerov\u00e1<\/p>\n","protected":false},"excerpt":{"rendered":"<p>Nejlep\u0161\u00ed atleti PKAS 2022 &#8211; Dorost &nbsp; &nbsp; &nbsp; &nbsp; &nbsp; &nbsp; &nbsp; &nbsp; &nbsp; &nbsp; Prvn\u00ed p\u00e1te\u010dn\u00ed ve\u010der roku 2023 pat\u0159il ve spole\u010densk\u00e9m s\u00e1lu&hellip;<\/p>\n","protected":false},"author":2,"featured_media":3364,"comment_status":"closed","ping_status":"closed","sticky":false,"template":"","format":"standard","meta":{"footnotes":""},"categories":[1],"tags":[],"jetpack_sharing_enabled":true,"jetpack_featured_media_url":"http:\/\/pkas.cz\/wp-content\/uploads\/2023\/01\/dorost2022-scaled.jpg","_links":{"self":[{"href":"http:\/\/pkas.cz\/index.php?rest_route=\/wp\/v2\/posts\/3362"}],"collection":[{"href":"http:\/\/pkas.cz\/index.php?rest_route=\/wp\/v2\/posts"}],"about":[{"href":"http:\/\/pkas.cz\/index.php?rest_route=\/wp\/v2\/types\/post"}],"author":[{"embeddable":true,"href":"http:\/\/pkas.cz\/index.php?rest_route=\/wp\/v2\/users\/2"}],"replies":[{"embeddable":true,"href":"http:\/\/pkas.cz\/index.php?rest_route=%2Fwp%2Fv2%2Fcomments&post=3362"}],"version-history":[{"count":3,"href":"http:\/\/pkas.cz\/index.php?rest_route=\/wp\/v2\/posts\/3362\/revisions"}],"predecessor-version":[{"id":3378,"href":"http:\/\/pkas.cz\/index.php?rest_route=\/wp\/v2\/posts\/3362\/revisions\/3378"}],"wp:featuredmedia":[{"embeddable":true,"href":"http:\/\/pkas.cz\/index.php?rest_route=\/wp\/v2\/media\/3364"}],"wp:attachment":[{"href":"http:\/\/pkas.cz\/index.php?rest_route=%2Fwp%2Fv2%2Fmedia&parent=3362"}],"wp:term":[{"taxonomy":"category","embeddable":true,"href":"http:\/\/pkas.cz\/index.php?rest_route=%2Fwp%2Fv2%2Fcategories&post=3362"},{"taxonomy":"post_tag","embeddable":true,"href":"http:\/\/pkas.cz\/index.php?rest_route=%2Fwp%2Fv2%2Ftags&post=3362"}],"curies":[{"name":"wp","href":"https:\/\/api.w.org\/{rel}","templated":true}]}}