{"id":3350,"date":"2023-01-08T15:47:34","date_gmt":"2023-01-08T14:47:34","guid":{"rendered":"http:\/\/pkas.cz\/?p=3350"},"modified":"2023-01-08T16:50:49","modified_gmt":"2023-01-08T15:50:49","slug":"nejlepsi-atleti-pkas-2022-starsi-zactvo","status":"publish","type":"post","link":"http:\/\/pkas.cz\/?p=3350","title":{"rendered":"Nejlep\u0161\u00ed atleti PKAS 2022 &#8211; Star\u0161\u00ed \u017eactvo"},"content":{"rendered":"<h1>Nejlep\u0161\u00ed atleti PKAS 2022 &#8211; Star\u0161\u00ed \u017eactvo<\/h1>\n<p><img loading=\"lazy\" decoding=\"async\" class=\"wp-image-3352 alignnone\" src=\"http:\/\/pkas.cz\/wp-content\/uploads\/2023\/01\/Zactvo2022-300x200.jpg\" alt=\"\" width=\"476\" height=\"317\" srcset=\"http:\/\/pkas.cz\/wp-content\/uploads\/2023\/01\/Zactvo2022-300x200.jpg 300w, http:\/\/pkas.cz\/wp-content\/uploads\/2023\/01\/Zactvo2022-1024x683.jpg 1024w, http:\/\/pkas.cz\/wp-content\/uploads\/2023\/01\/Zactvo2022-768x512.jpg 768w, http:\/\/pkas.cz\/wp-content\/uploads\/2023\/01\/Zactvo2022-391x260.jpg 391w, http:\/\/pkas.cz\/wp-content\/uploads\/2023\/01\/Zactvo2022-1536x1024.jpg 1536w, http:\/\/pkas.cz\/wp-content\/uploads\/2023\/01\/Zactvo2022-2048x1365.jpg 2048w\" sizes=\"(max-width: 476px) 100vw, 476px\" \/><\/p>\n<p>Prvn\u00ed p\u00e1te\u010dn\u00ed ve\u010der roku 2023 pat\u0159il ve spole\u010densk\u00e9m s\u00e1lu SOUE Plze\u0148 vyhl\u00e1\u0161en\u00ed nejlep\u0161\u00edch atlet\u016f v Plze\u0148sk\u00e9m kraji za rok 2022. Za p\u0159\u00edtomnosti hejtmana Plz. kraje Rudolfa \u0160pot\u00e1ka a n\u00e1m\u011bstk\u016f Vladim\u00edra Kroce s Martinem Z\u00e1ho\u0159em, \u0159editelky Sportovn\u00edho gymn\u00e1zia Mileny Majerov\u00e9 a dal\u0161\u00edch host\u016f prob\u011bhlo dekorov\u00e1n\u00ed t\u0159\u00ed nejlep\u0161\u00edch v kategorii \u017eactva:<\/p>\n<p><em><strong><br \/>\nUM\u00cdST\u011aN\u00cd<\/strong><\/em><\/p>\n<ol>\n<li>\n<h3><strong>KRIST\u00ddNA HOZMANOV\u00c1<\/strong><\/h3>\n<\/li>\n<li>\n<h3><strong>KRIST\u00ddNA Z\u00c1HO\u0158OV\u00c1\u00a0<\/strong><\/h3>\n<\/li>\n<li>\n<h3><strong>ANDREA BIELIKOV\u00c1<\/strong><\/h3>\n<\/li>\n<\/ol>\n<p><strong><br \/>\nNOMINACE<\/strong><\/p>\n<p><strong>BIELIKOV\u00c1 ANDREA<\/strong> (SKPLZ) \u2013 3. m\u00edsto MU U16 1500 m p\u0159., 2. m\u00edsto M\u010cR U16 1500 m p\u0159., 3. m\u00edsto<br \/>\nLODM 800 m, krajsk\u00fd rekord na 1500 m p\u0159.<br \/>\n<strong>HOZMANOV\u00c1 KRIST\u00ddNA<\/strong> (KLATO) \u2013 1. m\u00edsto MU U16 300 m, 1. m\u00edsto M\u010cR U16 300 m, 3. m\u00edsto HM\u010cR<br \/>\nU16 60 m, 1. m\u00edsto HM\u010cR U16 150 m, krajsk\u00fd rekord U16 300 m<br \/>\n<strong>KR\u00c1LOV\u00c1 AL\u017dB\u011aTA<\/strong> (VIPLZ) \u2013 1. m\u00edsto LODM U14 hod o\u0161t\u011bpem<br \/>\n<strong>MATOU\u0160EK SEBASTIAN<\/strong> (SKPLZ) \u2013 3. m\u00edsto LODM U16 vrh koul\u00ed<br \/>\n<strong>NOV\u00c1K ADAM<\/strong> (SOPLZ) \u2013 2. m\u00edsto HM\u010cR U16 300 m<br \/>\n<strong>NOV\u00c1KOV\u00c1 EMA<\/strong> (SKPLZ) \u2013 1. m\u00edsto M\u010cR v krosu U14<br \/>\n<strong>\u0160PIROCH OND\u0158EJ<\/strong> (STRIB) \u2013 3. m\u00edsto HM\u010cR U16 3000 m<br \/>\n<strong>Z\u00c1HO\u0158OV\u00c1 KRIST\u00ddNA<\/strong> (STRIB) \u2013 1. m\u00edsto M\u010cR U16 150 m, 2. m\u00edsto M\u010cR U16 60 m, 1. m\u00edsto M\u010cR U14<br \/>\nv\u00edceboj, 1. m\u00edsto LODM U14 60 m, 1. m\u00edsto LODM U14 skok dalek\u00fd, 2. m\u00edsto HM\u010cR U16 60 m, 3. m\u00edsto<br \/>\nHM\u010cR U16 150 m, krajsk\u00fd rekord U14 skok dalek\u00fd, krajsk\u00fd rekord U14 60 m, krajsk\u00fd rekord U14 150 m<\/p>\n<p>autor fotografie Eva Perglerov\u00e1<\/p>\n","protected":false},"excerpt":{"rendered":"<p>Nejlep\u0161\u00ed atleti PKAS 2022 &#8211; Star\u0161\u00ed \u017eactvo Prvn\u00ed p\u00e1te\u010dn\u00ed ve\u010der roku 2023 pat\u0159il ve spole\u010densk\u00e9m s\u00e1lu SOUE Plze\u0148 vyhl\u00e1\u0161en\u00ed nejlep\u0161\u00edch atlet\u016f v Plze\u0148sk\u00e9m kraji za&hellip;<\/p>\n","protected":false},"author":2,"featured_media":3352,"comment_status":"closed","ping_status":"closed","sticky":false,"template":"","format":"standard","meta":{"footnotes":""},"categories":[1],"tags":[],"jetpack_sharing_enabled":true,"jetpack_featured_media_url":"http:\/\/pkas.cz\/wp-content\/uploads\/2023\/01\/Zactvo2022-scaled.jpg","_links":{"self":[{"href":"http:\/\/pkas.cz\/index.php?rest_route=\/wp\/v2\/posts\/3350"}],"collection":[{"href":"http:\/\/pkas.cz\/index.php?rest_route=\/wp\/v2\/posts"}],"about":[{"href":"http:\/\/pkas.cz\/index.php?rest_route=\/wp\/v2\/types\/post"}],"author":[{"embeddable":true,"href":"http:\/\/pkas.cz\/index.php?rest_route=\/wp\/v2\/users\/2"}],"replies":[{"embeddable":true,"href":"http:\/\/pkas.cz\/index.php?rest_route=%2Fwp%2Fv2%2Fcomments&post=3350"}],"version-history":[{"count":9,"href":"http:\/\/pkas.cz\/index.php?rest_route=\/wp\/v2\/posts\/3350\/revisions"}],"predecessor-version":[{"id":3379,"href":"http:\/\/pkas.cz\/index.php?rest_route=\/wp\/v2\/posts\/3350\/revisions\/3379"}],"wp:featuredmedia":[{"embeddable":true,"href":"http:\/\/pkas.cz\/index.php?rest_route=\/wp\/v2\/media\/3352"}],"wp:attachment":[{"href":"http:\/\/pkas.cz\/index.php?rest_route=%2Fwp%2Fv2%2Fmedia&parent=3350"}],"wp:term":[{"taxonomy":"category","embeddable":true,"href":"http:\/\/pkas.cz\/index.php?rest_route=%2Fwp%2Fv2%2Fcategories&post=3350"},{"taxonomy":"post_tag","embeddable":true,"href":"http:\/\/pkas.cz\/index.php?rest_route=%2Fwp%2Fv2%2Ftags&post=3350"}],"curies":[{"name":"wp","href":"https:\/\/api.w.org\/{rel}","templated":true}]}}