{"id":333,"date":"2019-09-01T11:20:56","date_gmt":"2019-09-01T09:20:56","guid":{"rendered":"http:\/\/pkas.cz\/?p=333"},"modified":"2019-09-01T11:20:57","modified_gmt":"2019-09-01T09:20:57","slug":"odtajnena-nominace-na-me-druzstev","status":"publish","type":"post","link":"http:\/\/pkas.cz\/?p=333","title":{"rendered":"Odtajn\u011bna nominace na ME dru\u017estev"},"content":{"rendered":"\n<h1 class=\"wp-block-heading\" style=\"text-align:center\"> Odtajn\u011bna nominace na ME dru\u017estev <\/h1>\n\n\n\n<figure class=\"wp-block-image\"><img loading=\"lazy\" decoding=\"async\" width=\"1024\" height=\"624\" src=\"http:\/\/pkas.cz\/wp-content\/uploads\/2019\/09\/HAJEK2019-1024x624.jpg\" alt=\"HAJEK2019\" class=\"wp-image-334\" srcset=\"http:\/\/pkas.cz\/wp-content\/uploads\/2019\/09\/HAJEK2019-1024x624.jpg 1024w, http:\/\/pkas.cz\/wp-content\/uploads\/2019\/09\/HAJEK2019-300x183.jpg 300w, http:\/\/pkas.cz\/wp-content\/uploads\/2019\/09\/HAJEK2019-768x468.jpg 768w, http:\/\/pkas.cz\/wp-content\/uploads\/2019\/09\/HAJEK2019.jpg 1450w\" sizes=\"(max-width: 1024px) 100vw, 1024px\" \/><figcaption>Patrik H\u00e1jek ze \u0160kody Plze\u0148<\/figcaption><\/figure>\n\n\n\n<p><em>foto J. Kottas<\/em><\/p>\n\n\n\n<p>V nominaci na Mistrovtsv\u00ed Evropy dru\u017estev se objevila i dvojice plze\u0148sk\u00fdch z\u00e1vodn\u00edk\u016f.\u00a0<br>PATRIK H\u00c1JEK v kladivu a TEREZA PETR\u017d\u00cdLKOV\u00c1 na 4x400m budou bojovat s nejlep\u0161\u00edmi evropsk\u00fdmi z\u00e1vodn\u00edky o titul TOP dru\u017estvo Evropy 2019.\u00a0<br>Sout\u011b\u017e host\u00ed polsk\u00e1 Bydho\u0161\u0165 od 9. do 11.8. O v\u00fdsledc\u00edch budeme n\u00e1sledn\u011b informovat.\u00a0<br>NOMINACE \u010cR\u00a0<a href=\"https:\/\/www.atletika.cz\/aktuality\/schvalen-tym-pro-me-v-bydhosti\/\">ZDE<\/a><\/p>\n","protected":false},"excerpt":{"rendered":"<p>Odtajn\u011bna nominace na ME dru\u017estev foto J. Kottas V nominaci na Mistrovtsv\u00ed Evropy dru\u017estev se objevila i dvojice plze\u0148sk\u00fdch z\u00e1vodn\u00edk\u016f.\u00a0PATRIK H\u00c1JEK v kladivu a TEREZA&hellip;<\/p>\n","protected":false},"author":1,"featured_media":334,"comment_status":"open","ping_status":"open","sticky":false,"template":"","format":"standard","meta":{"footnotes":""},"categories":[1],"tags":[],"jetpack_sharing_enabled":true,"jetpack_featured_media_url":"http:\/\/pkas.cz\/wp-content\/uploads\/2019\/09\/HAJEK2019.jpg","_links":{"self":[{"href":"http:\/\/pkas.cz\/index.php?rest_route=\/wp\/v2\/posts\/333"}],"collection":[{"href":"http:\/\/pkas.cz\/index.php?rest_route=\/wp\/v2\/posts"}],"about":[{"href":"http:\/\/pkas.cz\/index.php?rest_route=\/wp\/v2\/types\/post"}],"author":[{"embeddable":true,"href":"http:\/\/pkas.cz\/index.php?rest_route=\/wp\/v2\/users\/1"}],"replies":[{"embeddable":true,"href":"http:\/\/pkas.cz\/index.php?rest_route=%2Fwp%2Fv2%2Fcomments&post=333"}],"version-history":[{"count":1,"href":"http:\/\/pkas.cz\/index.php?rest_route=\/wp\/v2\/posts\/333\/revisions"}],"predecessor-version":[{"id":336,"href":"http:\/\/pkas.cz\/index.php?rest_route=\/wp\/v2\/posts\/333\/revisions\/336"}],"wp:featuredmedia":[{"embeddable":true,"href":"http:\/\/pkas.cz\/index.php?rest_route=\/wp\/v2\/media\/334"}],"wp:attachment":[{"href":"http:\/\/pkas.cz\/index.php?rest_route=%2Fwp%2Fv2%2Fmedia&parent=333"}],"wp:term":[{"taxonomy":"category","embeddable":true,"href":"http:\/\/pkas.cz\/index.php?rest_route=%2Fwp%2Fv2%2Fcategories&post=333"},{"taxonomy":"post_tag","embeddable":true,"href":"http:\/\/pkas.cz\/index.php?rest_route=%2Fwp%2Fv2%2Ftags&post=333"}],"curies":[{"name":"wp","href":"https:\/\/api.w.org\/{rel}","templated":true}]}}