{"id":331,"date":"2019-09-01T11:18:07","date_gmt":"2019-09-01T09:18:07","guid":{"rendered":"http:\/\/pkas.cz\/?p=331"},"modified":"2019-09-01T11:18:09","modified_gmt":"2019-09-01T09:18:09","slug":"smutna-zprava-z-klatov","status":"publish","type":"post","link":"http:\/\/pkas.cz\/?p=331","title":{"rendered":"SMUTN\u00c1 ZPR\u00c1VA z KLATOV"},"content":{"rendered":"\n<h1 class=\"wp-block-heading\" style=\"text-align:center\"> SMUTN\u00c1 ZPR\u00c1VA z KLATOV <\/h1>\n\n\n\n<p>V minul\u00e9m t\u00fddnu n\u00e1hle ode\u0161el dlouholet\u00fd atletick\u00fd \u010dinovn\u00edk a m\u00edstop\u0159edseda PKAS JI\u0158\u00cd HOST\u00ddNEK.\u00a0<br>Posledn\u00ed rozlou\u010den\u00ed s tren\u00e9rem se uskute\u010dn\u00ed v \u00fater\u00fd 30. \u010dervence ve 12.45 hodin v klatovsk\u00e9m krematoriu.\u00a0 <\/p>\n","protected":false},"excerpt":{"rendered":"<p>SMUTN\u00c1 ZPR\u00c1VA z KLATOV V minul\u00e9m t\u00fddnu n\u00e1hle ode\u0161el dlouholet\u00fd atletick\u00fd \u010dinovn\u00edk a m\u00edstop\u0159edseda PKAS JI\u0158\u00cd HOST\u00ddNEK.\u00a0Posledn\u00ed rozlou\u010den\u00ed s tren\u00e9rem se uskute\u010dn\u00ed v \u00fater\u00fd 30.&hellip;<\/p>\n","protected":false},"author":1,"featured_media":0,"comment_status":"open","ping_status":"open","sticky":false,"template":"","format":"standard","meta":{"footnotes":""},"categories":[3],"tags":[],"jetpack_sharing_enabled":true,"jetpack_featured_media_url":"","_links":{"self":[{"href":"http:\/\/pkas.cz\/index.php?rest_route=\/wp\/v2\/posts\/331"}],"collection":[{"href":"http:\/\/pkas.cz\/index.php?rest_route=\/wp\/v2\/posts"}],"about":[{"href":"http:\/\/pkas.cz\/index.php?rest_route=\/wp\/v2\/types\/post"}],"author":[{"embeddable":true,"href":"http:\/\/pkas.cz\/index.php?rest_route=\/wp\/v2\/users\/1"}],"replies":[{"embeddable":true,"href":"http:\/\/pkas.cz\/index.php?rest_route=%2Fwp%2Fv2%2Fcomments&post=331"}],"version-history":[{"count":1,"href":"http:\/\/pkas.cz\/index.php?rest_route=\/wp\/v2\/posts\/331\/revisions"}],"predecessor-version":[{"id":332,"href":"http:\/\/pkas.cz\/index.php?rest_route=\/wp\/v2\/posts\/331\/revisions\/332"}],"wp:attachment":[{"href":"http:\/\/pkas.cz\/index.php?rest_route=%2Fwp%2Fv2%2Fmedia&parent=331"}],"wp:term":[{"taxonomy":"category","embeddable":true,"href":"http:\/\/pkas.cz\/index.php?rest_route=%2Fwp%2Fv2%2Fcategories&post=331"},{"taxonomy":"post_tag","embeddable":true,"href":"http:\/\/pkas.cz\/index.php?rest_route=%2Fwp%2Fv2%2Ftags&post=331"}],"curies":[{"name":"wp","href":"https:\/\/api.w.org\/{rel}","templated":true}]}}