{"id":328,"date":"2019-09-01T11:16:17","date_gmt":"2019-09-01T09:16:17","guid":{"rendered":"http:\/\/pkas.cz\/?p=328"},"modified":"2019-09-01T11:16:19","modified_gmt":"2019-09-01T09:16:19","slug":"eyof-zlata-radost-jakuba-davidika-sicakova-7","status":"publish","type":"post","link":"http:\/\/pkas.cz\/?p=328","title":{"rendered":"EYOF &#8211; Zlat\u00e1 radost Jakuba David\u00edka, Si\u010d\u00e1kov\u00e1 7."},"content":{"rendered":"\n<h1 class=\"wp-block-heading\" style=\"text-align:center\">EYOF &#8211; Zlat\u00e1 radost Jakuba David\u00edka, Si\u010d\u00e1kov\u00e1 7. <\/h1>\n\n\n\n<figure class=\"wp-block-image\"><img loading=\"lazy\" decoding=\"async\" width=\"1024\" height=\"686\" src=\"http:\/\/pkas.cz\/wp-content\/uploads\/2019\/09\/davidikbaku2019-1024x686.jpg\" alt=\"davidikbaku2019\" class=\"wp-image-329\" srcset=\"http:\/\/pkas.cz\/wp-content\/uploads\/2019\/09\/davidikbaku2019-1024x686.jpg 1024w, http:\/\/pkas.cz\/wp-content\/uploads\/2019\/09\/davidikbaku2019-300x201.jpg 300w, http:\/\/pkas.cz\/wp-content\/uploads\/2019\/09\/davidikbaku2019-768x514.jpg 768w, http:\/\/pkas.cz\/wp-content\/uploads\/2019\/09\/davidikbaku2019.jpg 1357w\" sizes=\"(max-width: 1024px) 100vw, 1024px\" \/><figcaption>EYOF v Baku 2019. Zlat\u00fd Jakub David\u00edk z Ban\u00edku St\u0159\u00edbro<\/figcaption><\/figure>\n\n\n\n<p><em>zdroj informac\u00ed a fotografie atletika.cz<\/em><\/p>\n\n\n\n<p>Dva z\u00e1stupci region\u00e1ln\u00ed atletiky se objevili v nominaci na EYOF a oba si vedli nadm\u00edru \u00fasp\u011b\u0161n\u011b:<br><strong>JAKUB DAVID\u00cdK<\/strong>\u00a0potvrdil nejvy\u0161\u0161\u00ed ambice a dok\u00e1zal sv\u00fdm zrychlen\u00edm na 500m odbourat v\u0161echny sv\u00e9 soupe\u0159e a dob\u011bhnout si pro zat\u00edm nejcenn\u011bj\u0161\u00ed \u00fasp\u011bch sv\u00e9 kari\u00e9ry. P\u0159id\u00e1v\u00e1me koment\u00e1\u0159 y atletiky.cz:\u00a0<br>V\u011b\u0159il jsem si. V\u011bd\u011bl jsem, \u017ee to m\u016f\u017ee b\u00fdt zlat\u00e1. A povedlo se,\u201c okomentoval sv\u016fj v\u00fdkon pro czechteam.info Jakub David\u00edk. Mlad\u00edk ze St\u0159\u00edbra u\u017e posb\u00edral slu\u0161n\u00e9 zku\u0161enosti z ml\u00e1de\u017enick\u00fdch akc\u00ed, loni reprezentoval na olympi\u00e1d\u011b v Buenos Aires a z p\u0159ede\u0161l\u00e9ho EYOF v Gy\u00f6ru p\u0159ivezl p\u0159edloni bronz. \u201eTam jsem si ud\u011blal velk\u00fd osob\u00e1k o dv\u011b a p\u016fl sekundy, to bylo i pro m\u011b obrovsk\u00e9 p\u0159ekvapen\u00ed,\u201c zavzpom\u00ednal na l\u00e9to 2017.\u00a0<br>V Baku se navzdory Jakubov\u00fdm o\u010dek\u00e1v\u00e1n\u00edm b\u011b\u017eel prvn\u00ed okruh velmi pomalu, \u0160pan\u011bl Caranza \u2013 v c\u00edli t\u0159et\u00ed \u2013 prob\u00edhal mezi\u010dasem na \u010dtvrtce za 57.7 vte\u0159iny. \u201eA\u017e t\u0159i sta metr\u016f p\u0159ed c\u00edlem jsem zrychlil,\u201c popisoval 17let\u00fd \u010desk\u00fd p\u016flka\u0159. A na jeho razantn\u00ed zrychlen\u00ed nikdo nem\u011bl n\u00e1rok, i st\u0159\u00edbrn\u00fd Pol\u00e1k Roznicki ztratil bez setiny dv\u011b vte\u0159iny na v\u00edt\u011bze. A ten nakonec z\u016fstal \u010dasem 1:51,02 minuty jen sekundu od sv\u00e9ho osobn\u00edho rekordu. \u201eTahle medaile je pro m\u016fj zat\u00edm nejv\u011bt\u0161\u00ed \u00fasp\u011bch, moc si toho v\u00e1\u017e\u00edm,\u201c uzav\u0159el David\u00edk, jen\u017e r\u00e1d ryba\u0159\u00ed.\u00a0<\/p>\n\n\n\n<p>O\u0161t\u011bpa\u0159ka\u00a0<strong>PETRA SI\u010c\u00c1KOV\u00c1<\/strong>\u00a0se probila do u\u017e\u0161\u00edho fin\u00e1le d\u00edky v\u00fdkonu z druh\u00e9 s\u00e9rie 46.85, v dal\u0161\u00edm pr\u016fb\u011bhu u\u017e se k poveden\u00e9mu kvalifika\u010dn\u00edmu pokusu (jen dvakr\u00e1t d\u0159\u00edve hodila d\u00e1l ne\u017e 48.59) u\u017e se v\u00edce nep\u0159ibl\u00ed\u017eila. V kvalitn\u00ed sout\u011b\u017ei to sta\u010dilo na sedmou pozici. Na medaili bylo t\u0159eba p\u0159ehodit 50metrovou hranici, a to dost v\u00fdrazn\u011b. V\u00edt\u011bzkou se pak stala Polka Gabriela Andrukonisov\u00e1 za 58.77.<br>KOMPLETN\u00cd V\u00ddSLEDKY\u00a0<a href=\"https:\/\/online.atletika.cz\/upload\/baku%2022-27.7.2019.pdf\">ZDE<\/a><\/p>\n","protected":false},"excerpt":{"rendered":"<p>EYOF &#8211; Zlat\u00e1 radost Jakuba David\u00edka, Si\u010d\u00e1kov\u00e1 7. zdroj informac\u00ed a fotografie atletika.cz Dva z\u00e1stupci region\u00e1ln\u00ed atletiky se objevili v nominaci na EYOF a oba&hellip;<\/p>\n","protected":false},"author":1,"featured_media":329,"comment_status":"open","ping_status":"open","sticky":false,"template":"","format":"standard","meta":{"footnotes":""},"categories":[1],"tags":[],"jetpack_sharing_enabled":true,"jetpack_featured_media_url":"http:\/\/pkas.cz\/wp-content\/uploads\/2019\/09\/davidikbaku2019.jpg","_links":{"self":[{"href":"http:\/\/pkas.cz\/index.php?rest_route=\/wp\/v2\/posts\/328"}],"collection":[{"href":"http:\/\/pkas.cz\/index.php?rest_route=\/wp\/v2\/posts"}],"about":[{"href":"http:\/\/pkas.cz\/index.php?rest_route=\/wp\/v2\/types\/post"}],"author":[{"embeddable":true,"href":"http:\/\/pkas.cz\/index.php?rest_route=\/wp\/v2\/users\/1"}],"replies":[{"embeddable":true,"href":"http:\/\/pkas.cz\/index.php?rest_route=%2Fwp%2Fv2%2Fcomments&post=328"}],"version-history":[{"count":1,"href":"http:\/\/pkas.cz\/index.php?rest_route=\/wp\/v2\/posts\/328\/revisions"}],"predecessor-version":[{"id":330,"href":"http:\/\/pkas.cz\/index.php?rest_route=\/wp\/v2\/posts\/328\/revisions\/330"}],"wp:featuredmedia":[{"embeddable":true,"href":"http:\/\/pkas.cz\/index.php?rest_route=\/wp\/v2\/media\/329"}],"wp:attachment":[{"href":"http:\/\/pkas.cz\/index.php?rest_route=%2Fwp%2Fv2%2Fmedia&parent=328"}],"wp:term":[{"taxonomy":"category","embeddable":true,"href":"http:\/\/pkas.cz\/index.php?rest_route=%2Fwp%2Fv2%2Fcategories&post=328"},{"taxonomy":"post_tag","embeddable":true,"href":"http:\/\/pkas.cz\/index.php?rest_route=%2Fwp%2Fv2%2Ftags&post=328"}],"curies":[{"name":"wp","href":"https:\/\/api.w.org\/{rel}","templated":true}]}}