{"id":3274,"date":"2022-12-22T09:41:57","date_gmt":"2022-12-22T08:41:57","guid":{"rendered":"http:\/\/pkas.cz\/?p=3274"},"modified":"2022-12-22T09:41:57","modified_gmt":"2022-12-22T08:41:57","slug":"scm-2023-plzenskeho-kraje","status":"publish","type":"post","link":"http:\/\/pkas.cz\/?p=3274","title":{"rendered":"SCM 2023 Plze\u0148sk\u00e9ho kraje"},"content":{"rendered":"<h1>SCM 2023 Plze\u0148sk\u00e9ho kraje<\/h1>\n<figure id=\"attachment_717\" aria-describedby=\"caption-attachment-717\" style=\"width: 300px\" class=\"wp-caption alignnone\"><img loading=\"lazy\" decoding=\"async\" class=\"size-medium wp-image-717\" src=\"http:\/\/pkas.cz\/wp-content\/uploads\/2020\/01\/PKAS_logo-pr\u016fhledn\u00fd-e1663571776431-300x225.png\" alt=\"logo_new\" width=\"300\" height=\"225\" \/><figcaption id=\"caption-attachment-717\" class=\"wp-caption-text\">Nov\u00e9 logo PKAS<\/figcaption><\/figure>\n<p>V roce 2023 doch\u00e1z\u00ed k reorganizaci SCM Plze\u0148sk\u00e9ho kraje, kter\u00e9 bude nov\u011b fungovat pod hlavi\u010dkou Atletick\u00e9 akademie Plze\u0148.<\/p>\n<p>P\u0159in\u00e1\u0161\u00edme seznam \u010dlen\u016f, kte\u0159\u00ed budou sou\u010d\u00e1st\u00ed tohoto SCM.<\/p>\n<p><a href=\"http:\/\/pkas.cz\/wp-content\/uploads\/2022\/12\/SCM_2023_Plzensky_kraj.docx\">SEZNAM \u010cLEN\u016e SCM<\/a><\/p>\n<p>&nbsp;<\/p>\n","protected":false},"excerpt":{"rendered":"<p>SCM 2023 Plze\u0148sk\u00e9ho kraje V roce 2023 doch\u00e1z\u00ed k reorganizaci SCM Plze\u0148sk\u00e9ho kraje, kter\u00e9 bude nov\u011b fungovat pod hlavi\u010dkou Atletick\u00e9 akademie Plze\u0148. P\u0159in\u00e1\u0161\u00edme seznam \u010dlen\u016f,&hellip;<\/p>\n","protected":false},"author":2,"featured_media":717,"comment_status":"closed","ping_status":"closed","sticky":false,"template":"","format":"standard","meta":{"footnotes":""},"categories":[1],"tags":[],"jetpack_sharing_enabled":true,"jetpack_featured_media_url":"http:\/\/pkas.cz\/wp-content\/uploads\/2020\/01\/PKAS_logo-pr\u016fhledn\u00fd.png","_links":{"self":[{"href":"http:\/\/pkas.cz\/index.php?rest_route=\/wp\/v2\/posts\/3274"}],"collection":[{"href":"http:\/\/pkas.cz\/index.php?rest_route=\/wp\/v2\/posts"}],"about":[{"href":"http:\/\/pkas.cz\/index.php?rest_route=\/wp\/v2\/types\/post"}],"author":[{"embeddable":true,"href":"http:\/\/pkas.cz\/index.php?rest_route=\/wp\/v2\/users\/2"}],"replies":[{"embeddable":true,"href":"http:\/\/pkas.cz\/index.php?rest_route=%2Fwp%2Fv2%2Fcomments&post=3274"}],"version-history":[{"count":1,"href":"http:\/\/pkas.cz\/index.php?rest_route=\/wp\/v2\/posts\/3274\/revisions"}],"predecessor-version":[{"id":3276,"href":"http:\/\/pkas.cz\/index.php?rest_route=\/wp\/v2\/posts\/3274\/revisions\/3276"}],"wp:featuredmedia":[{"embeddable":true,"href":"http:\/\/pkas.cz\/index.php?rest_route=\/wp\/v2\/media\/717"}],"wp:attachment":[{"href":"http:\/\/pkas.cz\/index.php?rest_route=%2Fwp%2Fv2%2Fmedia&parent=3274"}],"wp:term":[{"taxonomy":"category","embeddable":true,"href":"http:\/\/pkas.cz\/index.php?rest_route=%2Fwp%2Fv2%2Fcategories&post=3274"},{"taxonomy":"post_tag","embeddable":true,"href":"http:\/\/pkas.cz\/index.php?rest_route=%2Fwp%2Fv2%2Ftags&post=3274"}],"curies":[{"name":"wp","href":"https:\/\/api.w.org\/{rel}","templated":true}]}}