{"id":3272,"date":"2022-12-22T09:25:15","date_gmt":"2022-12-22T08:25:15","guid":{"rendered":"http:\/\/pkas.cz\/?p=3272"},"modified":"2022-12-22T09:25:15","modified_gmt":"2022-12-22T08:25:15","slug":"smutna-zprava","status":"publish","type":"post","link":"http:\/\/pkas.cz\/?p=3272","title":{"rendered":"Smutn\u00e1 zpr\u00e1va"},"content":{"rendered":"<h1>Smutn\u00e1 zpr\u00e1va<\/h1>\n<p>&nbsp;<\/p>\n<figure id=\"attachment_717\" aria-describedby=\"caption-attachment-717\" style=\"width: 300px\" class=\"wp-caption alignnone\"><img loading=\"lazy\" decoding=\"async\" class=\"size-medium wp-image-717\" src=\"http:\/\/pkas.cz\/wp-content\/uploads\/2020\/01\/PKAS_logo-pr\u016fhledn\u00fd-e1663571776431-300x225.png\" alt=\"logo_new\" width=\"300\" height=\"225\" \/><figcaption id=\"caption-attachment-717\" class=\"wp-caption-text\">Nov\u00e9 logo PKAS<\/figcaption><\/figure>\n<p>V\u00a0ned\u011bli 18. prosince 2022 zem\u0159ela ne\u010dekan\u011b v\u00a0pouh\u00fdch \u0161estn\u00e1cti letech Kate\u0159ina \u010cerm\u00e1kov\u00e1.<\/p>\n<p>Kate\u0159ina \u00fasp\u011b\u0161n\u011b reprezentovala atletick\u00fd odd\u00edl AK \u0160koda Plze\u0148, kde se p\u0159ipravovala pod veden\u00edm kou\u010de Jakuba Ryby. V\u00a0kategorii star\u0161\u00edho \u017eactva z\u00edskala dva mistrovsk\u00e9 tituly ve skoku do d\u00e1lky a ve stejn\u00e9 discipl\u00edn\u011b dos\u00e1hla na bronz p\u0159i halov\u00e9m M\u010cR dorostu 2022. Pod otev\u0159en\u00fdm nebem pak u\u017e dok\u00e1zala poko\u0159it i \u0161estimetrovou hranici. Na klubov\u00e9m kl\u00e1n\u00ed DNA ve \u0161pan\u011blsk\u00e9m Castell\u00f3nu se bl\u00fdskla osobn\u00edm rekordem 607 centimetr\u016f.<\/p>\n<p>Posledn\u00ed rozlou\u010den\u00ed se uskute\u010dn\u00ed v p\u00e1tek 23. prosince 2022 v 11:00 hod ve Velk\u00e9 ob\u0159adn\u00ed s\u00edni na \u00dast\u0159edn\u00edm h\u0159bitov\u011b v Plzni<\/p>\n<p>\u010cest jej\u00ed pam\u00e1tce<\/p>\n","protected":false},"excerpt":{"rendered":"<p>Smutn\u00e1 zpr\u00e1va &nbsp; V\u00a0ned\u011bli 18. prosince 2022 zem\u0159ela ne\u010dekan\u011b v\u00a0pouh\u00fdch \u0161estn\u00e1cti letech Kate\u0159ina \u010cerm\u00e1kov\u00e1. Kate\u0159ina \u00fasp\u011b\u0161n\u011b reprezentovala atletick\u00fd odd\u00edl AK \u0160koda Plze\u0148, kde se p\u0159ipravovala&hellip;<\/p>\n","protected":false},"author":2,"featured_media":717,"comment_status":"closed","ping_status":"closed","sticky":false,"template":"","format":"standard","meta":{"footnotes":""},"categories":[1],"tags":[],"jetpack_sharing_enabled":true,"jetpack_featured_media_url":"http:\/\/pkas.cz\/wp-content\/uploads\/2020\/01\/PKAS_logo-pr\u016fhledn\u00fd.png","_links":{"self":[{"href":"http:\/\/pkas.cz\/index.php?rest_route=\/wp\/v2\/posts\/3272"}],"collection":[{"href":"http:\/\/pkas.cz\/index.php?rest_route=\/wp\/v2\/posts"}],"about":[{"href":"http:\/\/pkas.cz\/index.php?rest_route=\/wp\/v2\/types\/post"}],"author":[{"embeddable":true,"href":"http:\/\/pkas.cz\/index.php?rest_route=\/wp\/v2\/users\/2"}],"replies":[{"embeddable":true,"href":"http:\/\/pkas.cz\/index.php?rest_route=%2Fwp%2Fv2%2Fcomments&post=3272"}],"version-history":[{"count":1,"href":"http:\/\/pkas.cz\/index.php?rest_route=\/wp\/v2\/posts\/3272\/revisions"}],"predecessor-version":[{"id":3273,"href":"http:\/\/pkas.cz\/index.php?rest_route=\/wp\/v2\/posts\/3272\/revisions\/3273"}],"wp:featuredmedia":[{"embeddable":true,"href":"http:\/\/pkas.cz\/index.php?rest_route=\/wp\/v2\/media\/717"}],"wp:attachment":[{"href":"http:\/\/pkas.cz\/index.php?rest_route=%2Fwp%2Fv2%2Fmedia&parent=3272"}],"wp:term":[{"taxonomy":"category","embeddable":true,"href":"http:\/\/pkas.cz\/index.php?rest_route=%2Fwp%2Fv2%2Fcategories&post=3272"},{"taxonomy":"post_tag","embeddable":true,"href":"http:\/\/pkas.cz\/index.php?rest_route=%2Fwp%2Fv2%2Ftags&post=3272"}],"curies":[{"name":"wp","href":"https:\/\/api.w.org\/{rel}","templated":true}]}}