{"id":3265,"date":"2022-12-12T08:33:17","date_gmt":"2022-12-12T07:33:17","guid":{"rendered":"http:\/\/pkas.cz\/?p=3265"},"modified":"2022-12-12T08:33:17","modified_gmt":"2022-12-12T07:33:17","slug":"mezikrajove-utkani-starsiho-zactva","status":"publish","type":"post","link":"http:\/\/pkas.cz\/?p=3265","title":{"rendered":"Mezikrajov\u00e9 utk\u00e1n\u00ed star\u0161\u00edho \u017eactva"},"content":{"rendered":"<h1>Mezikrajov\u00e9 utk\u00e1n\u00ed star\u0161\u00edho \u017eactva<\/h1>\n<p><img loading=\"lazy\" decoding=\"async\" class=\"alignnone size-medium wp-image-3266\" src=\"http:\/\/pkas.cz\/wp-content\/uploads\/2022\/12\/mezikrajove-utkani-stzci2022-300x225.jpg\" alt=\"\" width=\"300\" height=\"225\" srcset=\"http:\/\/pkas.cz\/wp-content\/uploads\/2022\/12\/mezikrajove-utkani-stzci2022-300x225.jpg 300w, http:\/\/pkas.cz\/wp-content\/uploads\/2022\/12\/mezikrajove-utkani-stzci2022-1024x768.jpg 1024w, http:\/\/pkas.cz\/wp-content\/uploads\/2022\/12\/mezikrajove-utkani-stzci2022-768x576.jpg 768w, http:\/\/pkas.cz\/wp-content\/uploads\/2022\/12\/mezikrajove-utkani-stzci2022-1536x1152.jpg 1536w, http:\/\/pkas.cz\/wp-content\/uploads\/2022\/12\/mezikrajove-utkani-stzci2022.jpg 2048w\" sizes=\"(max-width: 300px) 100vw, 300px\" \/><\/p>\n<p>foto Denisa Bene\u0161ov\u00e1<\/p>\n<p>V sobotu 10.12. odstartovala pro v\u011bt\u0161inu star\u0161\u00edch \u017e\u00e1k\u016f halov\u00e1 sez\u00f3na Mezikrajov\u00fdm utk\u00e1n\u00edm v Praze &#8211; Stromovce. Krajsk\u00fd v\u00fdb\u011br a jeho nominace se neobe\u0161la bez \u00fapln\u00fdch komplikac\u00ed plus n\u011bkte\u0159\u00ed z\u00e1vodn\u00edci byli p\u0159ed z\u00e1vodem vy\u0159azeni technick\u00fdm deleg\u00e1tem, a tak se nakonec v reprezenta\u010dn\u00edm v\u00fdb\u011bru objevilo 16 startuj\u00edc\u00edch. S \u010d\u00edm\u017e vyj\u00e1d\u0159ila i trochu nespokojenosti vedouc\u00ed v\u00fdpravy Denisa Bene\u0161ov\u00e1. Naopak kladn\u011b hodnotila \u0159adu kvalitn\u00edch v\u00fdkon\u016f, kter\u00e9 se p\u0159etavili do osobn\u00edch rekord\u016f z\u00e1vodn\u00edk\u016f hned na po\u010d\u00e1tku halov\u00e9 sez\u00f3ny.<\/p>\n<p>Celkov\u011b d\u011bv\u010data skon\u010dila na 11. m\u00edst\u011b a chlapci na m\u00edst\u011b 13.<\/p>\n<p><a href=\"https:\/\/online.atletika.cz\/vysledky\/65926\">KOMPLETN\u00cd V\u00ddSLEDKY<\/a><\/p>\n<p>&nbsp;<\/p>\n","protected":false},"excerpt":{"rendered":"<p>Mezikrajov\u00e9 utk\u00e1n\u00ed star\u0161\u00edho \u017eactva foto Denisa Bene\u0161ov\u00e1 V sobotu 10.12. odstartovala pro v\u011bt\u0161inu star\u0161\u00edch \u017e\u00e1k\u016f halov\u00e1 sez\u00f3na Mezikrajov\u00fdm utk\u00e1n\u00edm v Praze &#8211; Stromovce. Krajsk\u00fd v\u00fdb\u011br&hellip;<\/p>\n","protected":false},"author":2,"featured_media":3266,"comment_status":"closed","ping_status":"closed","sticky":false,"template":"","format":"standard","meta":{"footnotes":""},"categories":[1],"tags":[],"jetpack_sharing_enabled":true,"jetpack_featured_media_url":"http:\/\/pkas.cz\/wp-content\/uploads\/2022\/12\/mezikrajove-utkani-stzci2022.jpg","_links":{"self":[{"href":"http:\/\/pkas.cz\/index.php?rest_route=\/wp\/v2\/posts\/3265"}],"collection":[{"href":"http:\/\/pkas.cz\/index.php?rest_route=\/wp\/v2\/posts"}],"about":[{"href":"http:\/\/pkas.cz\/index.php?rest_route=\/wp\/v2\/types\/post"}],"author":[{"embeddable":true,"href":"http:\/\/pkas.cz\/index.php?rest_route=\/wp\/v2\/users\/2"}],"replies":[{"embeddable":true,"href":"http:\/\/pkas.cz\/index.php?rest_route=%2Fwp%2Fv2%2Fcomments&post=3265"}],"version-history":[{"count":1,"href":"http:\/\/pkas.cz\/index.php?rest_route=\/wp\/v2\/posts\/3265\/revisions"}],"predecessor-version":[{"id":3267,"href":"http:\/\/pkas.cz\/index.php?rest_route=\/wp\/v2\/posts\/3265\/revisions\/3267"}],"wp:featuredmedia":[{"embeddable":true,"href":"http:\/\/pkas.cz\/index.php?rest_route=\/wp\/v2\/media\/3266"}],"wp:attachment":[{"href":"http:\/\/pkas.cz\/index.php?rest_route=%2Fwp%2Fv2%2Fmedia&parent=3265"}],"wp:term":[{"taxonomy":"category","embeddable":true,"href":"http:\/\/pkas.cz\/index.php?rest_route=%2Fwp%2Fv2%2Fcategories&post=3265"},{"taxonomy":"post_tag","embeddable":true,"href":"http:\/\/pkas.cz\/index.php?rest_route=%2Fwp%2Fv2%2Ftags&post=3265"}],"curies":[{"name":"wp","href":"https:\/\/api.w.org\/{rel}","templated":true}]}}