{"id":3245,"date":"2022-12-02T10:00:34","date_gmt":"2022-12-02T09:00:34","guid":{"rendered":"http:\/\/pkas.cz\/?p=3245"},"modified":"2022-12-02T10:00:34","modified_gmt":"2022-12-02T09:00:34","slug":"nominace-na-mezikrajove-utkani-starsiho-zactva-3","status":"publish","type":"post","link":"http:\/\/pkas.cz\/?p=3245","title":{"rendered":"Nominace na Mezikrajov\u00e9 utk\u00e1n\u00ed star\u0161\u00edho \u017eactva"},"content":{"rendered":"<h1>Nominace na Mezikrajov\u00e9 utk\u00e1n\u00ed star\u0161\u00edho \u017eactva<\/h1>\n<figure id=\"attachment_717\" aria-describedby=\"caption-attachment-717\" style=\"width: 300px\" class=\"wp-caption alignnone\"><img loading=\"lazy\" decoding=\"async\" class=\"size-medium wp-image-717\" src=\"http:\/\/pkas.cz\/wp-content\/uploads\/2020\/01\/PKAS_logo-pr\u016fhledn\u00fd-e1663571776431-300x225.png\" alt=\"logo_new\" width=\"300\" height=\"225\" \/><figcaption id=\"caption-attachment-717\" class=\"wp-caption-text\">Nov\u00e9 logo PKAS<\/figcaption><\/figure>\n<p>Vedouc\u00ed v\u00fdpravy Denisa Bene\u0161ov\u00e1 zve\u0159ejnila nominaci k Mezikrajov\u00e9 utk\u00e1n\u00ed star\u0161\u00edho \u017eactva.<\/p>\n<p><a href=\"http:\/\/pkas.cz\/wp-content\/uploads\/2022\/12\/Mezikrajske\u0301-utka\u0301ni\u0301-z\u030ccizky-2022_web.pdf\">NOMINACE<\/a><\/p>\n<div><strong>DAL\u0160\u00cd INFOMRACE<\/strong><\/div>\n<div>DATUM: 10. 12. 2022 se v Praha &#8211; Stromovka<\/div>\n<div>PROPOZICE: <a href=\"https:\/\/online.atletika.cz\/Propozice\/propozice\/65926\" target=\"_blank\" rel=\"noopener\">https:\/\/online.atletika.cz\/Propozice\/propozice\/65926<\/a><\/div>\n<div><\/div>\n<div>Na z\u00e1vod pojede autobus z Plzn\u011b. Odjezd bude v 9:00 od atletick\u00e9ho stadionu AK \u0160koda Plze\u0148 (Vejprnick\u00e1 36, Plze\u0148).<\/div>\n<div>\n<div dir=\"auto\"><span style=\"color: #000000;\">Pros\u00edme osobn\u00ed tren\u00e9ry, aby se z\u00e1vodu tak\u00e9 z\u00fa\u010dastnili (hlavn\u011b u technick\u00fdch discipl\u00edn).<\/span><\/div>\n<div dir=\"auto\">Vedouc\u00ed v\u00fdpravy: Denisa Bene\u0161ov\u00e1 (<a href=\"mailto:benesovaden@gmail.com\" target=\"_blank\" rel=\"noopener\">benesovaden@gmail.com<\/a>)<\/div>\n<\/div>\n","protected":false},"excerpt":{"rendered":"<p>Nominace na Mezikrajov\u00e9 utk\u00e1n\u00ed star\u0161\u00edho \u017eactva Vedouc\u00ed v\u00fdpravy Denisa Bene\u0161ov\u00e1 zve\u0159ejnila nominaci k Mezikrajov\u00e9 utk\u00e1n\u00ed star\u0161\u00edho \u017eactva. NOMINACE DAL\u0160\u00cd INFOMRACE DATUM: 10. 12. 2022 se&hellip;<\/p>\n","protected":false},"author":2,"featured_media":717,"comment_status":"closed","ping_status":"closed","sticky":false,"template":"","format":"standard","meta":{"footnotes":""},"categories":[1],"tags":[],"jetpack_sharing_enabled":true,"jetpack_featured_media_url":"http:\/\/pkas.cz\/wp-content\/uploads\/2020\/01\/PKAS_logo-pr\u016fhledn\u00fd.png","_links":{"self":[{"href":"http:\/\/pkas.cz\/index.php?rest_route=\/wp\/v2\/posts\/3245"}],"collection":[{"href":"http:\/\/pkas.cz\/index.php?rest_route=\/wp\/v2\/posts"}],"about":[{"href":"http:\/\/pkas.cz\/index.php?rest_route=\/wp\/v2\/types\/post"}],"author":[{"embeddable":true,"href":"http:\/\/pkas.cz\/index.php?rest_route=\/wp\/v2\/users\/2"}],"replies":[{"embeddable":true,"href":"http:\/\/pkas.cz\/index.php?rest_route=%2Fwp%2Fv2%2Fcomments&post=3245"}],"version-history":[{"count":1,"href":"http:\/\/pkas.cz\/index.php?rest_route=\/wp\/v2\/posts\/3245\/revisions"}],"predecessor-version":[{"id":3247,"href":"http:\/\/pkas.cz\/index.php?rest_route=\/wp\/v2\/posts\/3245\/revisions\/3247"}],"wp:featuredmedia":[{"embeddable":true,"href":"http:\/\/pkas.cz\/index.php?rest_route=\/wp\/v2\/media\/717"}],"wp:attachment":[{"href":"http:\/\/pkas.cz\/index.php?rest_route=%2Fwp%2Fv2%2Fmedia&parent=3245"}],"wp:term":[{"taxonomy":"category","embeddable":true,"href":"http:\/\/pkas.cz\/index.php?rest_route=%2Fwp%2Fv2%2Fcategories&post=3245"},{"taxonomy":"post_tag","embeddable":true,"href":"http:\/\/pkas.cz\/index.php?rest_route=%2Fwp%2Fv2%2Ftags&post=3245"}],"curies":[{"name":"wp","href":"https:\/\/api.w.org\/{rel}","templated":true}]}}