{"id":3233,"date":"2022-11-24T20:11:38","date_gmt":"2022-11-24T19:11:38","guid":{"rendered":"http:\/\/pkas.cz\/?p=3233"},"modified":"2022-11-24T20:11:38","modified_gmt":"2022-11-24T19:11:38","slug":"tiskova-zprava-bezecky-pohar-mladeze-plzenskeho-kraje-2022","status":"publish","type":"post","link":"http:\/\/pkas.cz\/?p=3233","title":{"rendered":"Tiskov\u00e1 zpr\u00e1va &#8211; B\u011b\u017eeck\u00fd poh\u00e1r ml\u00e1de\u017ee Plze\u0148sk\u00e9ho kraje 2022"},"content":{"rendered":"<h1>Tiskov\u00e1 zpr\u00e1va &#8211; B\u011b\u017eeck\u00fd poh\u00e1r ml\u00e1de\u017ee Plze\u0148sk\u00e9ho kraje 2022<\/h1>\n<figure id=\"attachment_717\" aria-describedby=\"caption-attachment-717\" style=\"width: 300px\" class=\"wp-caption alignnone\"><img loading=\"lazy\" decoding=\"async\" class=\"size-medium wp-image-717\" src=\"http:\/\/pkas.cz\/wp-content\/uploads\/2020\/01\/PKAS_logo-pr\u016fhledn\u00fd-e1663571776431-300x225.png\" alt=\"logo_new\" width=\"300\" height=\"225\" \/><figcaption id=\"caption-attachment-717\" class=\"wp-caption-text\">Nov\u00e9 logo PKAS<\/figcaption><\/figure>\n<p>B\u011b\u017eeck\u00fd poh\u00e1r ml\u00e1de\u017ee Plze\u0148sk\u00e9ho kraje je celoro\u010dn\u00ed sout\u011b\u017e, organizovan\u00e1 Plze\u0148sk\u00fdm krajsk\u00fdm atletick\u00fdm svaze. Sdru\u017euje vybran\u00e9 b\u011b\u017eeck\u00e9 z\u00e1vody na \u00fazem\u00ed Plze\u0148sk\u00e9ho kraje. V\u00a0leto\u0161n\u00edm roce se uskute\u010dnil 13. ro\u010dn\u00edk, jeho\u017e sou\u010d\u00e1st\u00ed bylo 11 z\u00e1vod\u016f.<\/p>\n<p>Nejv\u011bt\u0161\u00ed po\u010det d\u011bt\u00ed startoval na z\u00e1v\u011bre\u010dn\u00e9m z\u00e1vod\u011b v\u00a0B\u011bl\u00e9 nad Radbuzou (228 d\u011bt\u00ed). Hranici dv\u011bst\u011b d\u011bt\u00ed tak\u00e9 poko\u0159ily dva nov\u00e9 z\u00e1vody v\u00a0poh\u00e1ru: B\u011bh mraven\u010d\u00ed stezkou v\u00a0Tachov\u011b (221) a B\u011bh 17. listopadu v\u00a0Blovic\u00edch (206).<\/p>\n<p>Mlad\u00ed b\u011b\u017eci byli roz\u0159azeni do 12 kategori\u00ed ve v\u011bkov\u00e9m rozmez\u00ed dvou let. Celkem se poh\u00e1ru z\u00fa\u010dastnilo 1796 mlad\u00fdch z\u00e1vodn\u00edk\u016f, co\u017e znamen\u00e1 pr\u016fm\u011brnou \u00fa\u010dast 13,61 na ka\u017edou kategorii v ka\u017ed\u00e9m z\u00e1vod\u011b. Nejsiln\u011bji byly zastoupeny kategorie star\u0161\u00edch p\u0159\u00edpravek d\u00edvek (r. 2011\/ 2012) s\u00a0pr\u016fm\u011brem \u00fa\u010dasti 25 d\u00edvek na jednom z\u00e1vod\u011b. Naopak nejmen\u0161\u00ed \u00fa\u010dast m\u011bli ji\u017e tradi\u010dn\u011b ob\u011b dorosteneck\u00e9 kategorie: dorostenci r. 2005\/ 2006 s pr\u016fm\u011brnou \u00fa\u010dast\u00ed 3,45 na ka\u017ed\u00e9m z\u00e1vod\u011b a dorostenek s\u00a0pr\u016fm\u011brem 4,09.<\/p>\n<p>&nbsp;<\/p>\n<p><strong>\u00a0\u00a0\u00a0\u00a0\u00a0\u00a0\u00a0\u00a0 P\u0159ehled v\u00edt\u011bz\u016f jednotliv\u00fdch kategori\u00ed:<\/strong><\/p>\n<p>2015 a ml.\u00a0 Jan Kocek (TJ Ban\u00edk St\u0159\u00edbro)<\/p>\n<p>2015 a ml.\u00a0 Kate\u0159ina \u0160ilh\u00e1nkov\u00e1 (Aktiv Sport Hor\u0161ovsk\u00fd T\u00fdn)<\/p>\n<p>2013\/ 2014 V\u00e1clav N\u011bme\u010dek (TJ Sokol SG Plze\u0148-Pet\u0159\u00edn)<\/p>\n<p>2013\/ 2014 Dorota Wagnerov\u00e1 (Aktiv Sport Hor\u0161ovsk\u00fd T\u00fdn)<\/p>\n<p>2011\/ 2012 Adam Soukup (Aktiv Sport Hor\u0161ovsk\u00fd T\u00fdn)<\/p>\n<p>2011\/ 2012 Leona Fi\u0161\u00e1kov\u00e1 (TJ Ban\u00edk St\u0159\u00edbro)<\/p>\n<p>2009\/ 2010 Leonard Mastn\u00fd (TJ Sokol SG Plze\u0148-Pet\u0159\u00edn)<\/p>\n<p>2009\/ 2010 Veronika B\u0159\u00edzov\u00e1 (AK \u0160koda Plze\u0148)<\/p>\n<p>2007\/ 2008 Tom\u00e1\u0161 Kraus (TJ Sokol SG Plze\u0148-Pet\u0159\u00edn)<\/p>\n<p>2007\/ 2008 Kl\u00e1ra Slav\u00edkov\u00e1 (AK \u0160koda Plze\u0148)<\/p>\n<p>2005\/ 2006 Jan Riegel (AC Doma\u017elice)<\/p>\n<p>2005\/ 2006 Anna \u0160m\u00eddov\u00e1 (TJ Sokol SG Plze\u0148-Pet\u0159\u00edn)<\/p>\n<p>&nbsp;<\/p>\n<p>Sv\u00e9 p\u0159edchoz\u00ed v\u00edt\u011bzstv\u00ed obh\u00e1jila Kate\u0159ina \u0160ilh\u00e1nkov\u00e1. Nejvy\u0161\u0161\u00edho po\u010dtu bod\u016f dos\u00e1hli Kate\u0159ina \u0160ilh\u00e1nkov\u00e1 (142 b.), V\u00e1clav N\u011bme\u010dek a Veronika B\u0159\u00edzov\u00e1 (oba 134 b.).<\/p>\n<p>V\u00a0r\u00e1mci B\u011b\u017eeck\u00e9ho poh\u00e1ru ml\u00e1de\u017ee Plze\u0148sk\u00e9ho kraje se hodnot\u00ed i odd\u00edly. V\u00edt\u011bzstv\u00ed z\u00edskal odd\u00edl TJ Sokol SG Plze\u0148-Pet\u0159\u00edn se 1756 body. Po\u0159ad\u00ed na n\u00e1sleduj\u00edc\u00edch m\u00edstech bylo: 2. AK \u0160koda Plze\u0148 1294 b., 3. Aktiv Sport Hor\u0161ovsk\u00fd T\u00fdn 1010 b., 4. TJ Ban\u00edk St\u0159\u00edbro 980 b., 5. AC Falcon Rokycany 452 b, 6. M\u00edla\u0159i Doma\u017elice 429 b., 7. AC Doma\u017elice 270 b., 8. \u0160AK p\u0159i Z\u0160 P\u0159e\u0161tice 165 b., 9. Atletika Klatovy 121 b., 10. PH Litice 34 b.<\/p>\n<p>Vyhl\u00e1\u0161en\u00ed nejlep\u0161\u00edch mlad\u00fdch atlet\u016f B\u011b\u017eeck\u00e9ho poh\u00e1ru ml\u00e1de\u017ee Plze\u0148sk\u00e9ho kraje a p\u0159ed\u00e1n\u00ed cen prob\u011bhne 6. ledna 2023 v\u00a0s\u00e1lu SOU ve Skvr\u0148anech v\u00a0Plzni.<\/p>\n<p>autor Roman Sladk\u00fd<\/p>\n","protected":false},"excerpt":{"rendered":"<p>Tiskov\u00e1 zpr\u00e1va &#8211; B\u011b\u017eeck\u00fd poh\u00e1r ml\u00e1de\u017ee Plze\u0148sk\u00e9ho kraje 2022 B\u011b\u017eeck\u00fd poh\u00e1r ml\u00e1de\u017ee Plze\u0148sk\u00e9ho kraje je celoro\u010dn\u00ed sout\u011b\u017e, organizovan\u00e1 Plze\u0148sk\u00fdm krajsk\u00fdm atletick\u00fdm svaze. Sdru\u017euje vybran\u00e9 b\u011b\u017eeck\u00e9&hellip;<\/p>\n","protected":false},"author":2,"featured_media":717,"comment_status":"closed","ping_status":"closed","sticky":false,"template":"","format":"standard","meta":{"footnotes":""},"categories":[1],"tags":[],"jetpack_sharing_enabled":true,"jetpack_featured_media_url":"http:\/\/pkas.cz\/wp-content\/uploads\/2020\/01\/PKAS_logo-pr\u016fhledn\u00fd.png","_links":{"self":[{"href":"http:\/\/pkas.cz\/index.php?rest_route=\/wp\/v2\/posts\/3233"}],"collection":[{"href":"http:\/\/pkas.cz\/index.php?rest_route=\/wp\/v2\/posts"}],"about":[{"href":"http:\/\/pkas.cz\/index.php?rest_route=\/wp\/v2\/types\/post"}],"author":[{"embeddable":true,"href":"http:\/\/pkas.cz\/index.php?rest_route=\/wp\/v2\/users\/2"}],"replies":[{"embeddable":true,"href":"http:\/\/pkas.cz\/index.php?rest_route=%2Fwp%2Fv2%2Fcomments&post=3233"}],"version-history":[{"count":1,"href":"http:\/\/pkas.cz\/index.php?rest_route=\/wp\/v2\/posts\/3233\/revisions"}],"predecessor-version":[{"id":3234,"href":"http:\/\/pkas.cz\/index.php?rest_route=\/wp\/v2\/posts\/3233\/revisions\/3234"}],"wp:featuredmedia":[{"embeddable":true,"href":"http:\/\/pkas.cz\/index.php?rest_route=\/wp\/v2\/media\/717"}],"wp:attachment":[{"href":"http:\/\/pkas.cz\/index.php?rest_route=%2Fwp%2Fv2%2Fmedia&parent=3233"}],"wp:term":[{"taxonomy":"category","embeddable":true,"href":"http:\/\/pkas.cz\/index.php?rest_route=%2Fwp%2Fv2%2Fcategories&post=3233"},{"taxonomy":"post_tag","embeddable":true,"href":"http:\/\/pkas.cz\/index.php?rest_route=%2Fwp%2Fv2%2Ftags&post=3233"}],"curies":[{"name":"wp","href":"https:\/\/api.w.org\/{rel}","templated":true}]}}