{"id":3223,"date":"2022-11-21T08:19:04","date_gmt":"2022-11-21T07:19:04","guid":{"rendered":"http:\/\/pkas.cz\/?p=3223"},"modified":"2022-11-21T08:21:14","modified_gmt":"2022-11-21T07:21:14","slug":"nominace-na-finale-bezeckeho-poharu-v-rumburku","status":"publish","type":"post","link":"http:\/\/pkas.cz\/?p=3223","title":{"rendered":"Nominace na Fin\u00e1le B\u011b\u017eeck\u00e9ho poh\u00e1ru v Rumburku"},"content":{"rendered":"<h1>Nominace na Fin\u00e1le B\u011b\u017eeck\u00e9ho poh\u00e1ru v Rumburku<\/h1>\n<figure id=\"attachment_717\" aria-describedby=\"caption-attachment-717\" style=\"width: 300px\" class=\"wp-caption alignnone\"><img loading=\"lazy\" decoding=\"async\" class=\"size-medium wp-image-717\" src=\"http:\/\/pkas.cz\/wp-content\/uploads\/2020\/01\/PKAS_logo-pr\u016fhledn\u00fd-e1663571776431-300x225.png\" alt=\"logo_new\" width=\"300\" height=\"225\" \/><figcaption id=\"caption-attachment-717\" class=\"wp-caption-text\">Nov\u00e9 logo PKAS<\/figcaption><\/figure>\n<p>Vedouc\u00ed v\u00fdpravy Miroslav Neuvirt nominoval z\u00e1vodn\u00edky na bl\u00ed\u017e\u00edc\u00ed se Fin\u00e1le B\u011b\u017eeck\u00e9ho poh\u00e1ru, kter\u00fd bude hostit v r\u00e1mci M\u010cR dosp\u011bl\u00fdch a junior\u016f 26. listopadu\u00a0 severo\u010desk\u00fd Rumburk.<\/p>\n<p>&nbsp;<\/p>\n<p><strong>Nominace:<\/strong><\/p>\n<table width=\"975\">\n<tbody>\n<tr>\n<td width=\"216\">Dorostenky:<\/td>\n<td width=\"114\">Odd\u00edl:<\/td>\n<td width=\"114\">Tren\u00e9r:<\/td>\n<td width=\"64\"><\/td>\n<td width=\"64\"><\/td>\n<td width=\"186\">Dorostenci:<\/td>\n<td width=\"119\">Odd\u00edl:<\/td>\n<td width=\"98\">Tren\u00e9r:<\/td>\n<\/tr>\n<tr>\n<td>Lucie Kubecov\u00e1<\/td>\n<td>M\u00cdLA\u0158I Doma\u017elice<\/td>\n<td>Voj\u00e1k<\/td>\n<td><\/td>\n<td><\/td>\n<td>Jan Riegel<\/td>\n<td>AC Doma\u017elice<\/td>\n<td>Konop<\/td>\n<\/tr>\n<tr>\n<td>\u0160t\u011bp\u00e1nka Hanu\u0161ov\u00e1<\/td>\n<td>Atletika Klatovy<\/td>\n<td>Ko\u017eeluh<\/td>\n<td><\/td>\n<td><\/td>\n<td>Michal Pergler<\/td>\n<td>AC Doma\u017elice<\/td>\n<td>Konop<\/td>\n<\/tr>\n<tr>\n<td>N\u00e1hr.:<\/td>\n<td><\/td>\n<td><\/td>\n<td><\/td>\n<td><\/td>\n<td>N\u00e1hr.:<\/td>\n<td><\/td>\n<td><\/td>\n<\/tr>\n<tr>\n<td>Proch\u00e1zkov\u00e1, \u010cern\u00e1<\/td>\n<td>Sokol Pet\u0159\u00edn, AK \u0160koda Plze\u0148<\/td>\n<td><\/td>\n<td><\/td>\n<td><\/td>\n<td>Oliver Soukup<\/td>\n<td>AK \u0160koda Plze\u0148<\/td>\n<td>Matulka<\/td>\n<\/tr>\n<tr>\n<td><\/td>\n<td><\/td>\n<td><\/td>\n<td width=\"64\"><\/td>\n<td><\/td>\n<td><\/td>\n<td><\/td>\n<td><\/td>\n<\/tr>\n<tr>\n<td>Star\u0161\u00ed \u017e\u00e1kyn\u011b:<\/td>\n<td>Odd\u00edl:<\/td>\n<td>Tren\u00e9r:<\/td>\n<td><\/td>\n<td><\/td>\n<td>Star\u0161\u00ed \u017e\u00e1ci:<\/td>\n<td>Odd\u00edl:<\/td>\n<td>Tren\u00e9r:<\/td>\n<\/tr>\n<tr>\n<td>Lucie Pernicov\u00e1<\/td>\n<td>AK \u0160koda Plze\u0148<\/td>\n<td>Neuvirt<\/td>\n<td><\/td>\n<td><\/td>\n<td>Ond\u0159ej \u0160piroch<\/td>\n<td>TJ Ban\u00edk St\u0159\u00edbro<\/td>\n<td>Matulka<\/td>\n<\/tr>\n<tr>\n<td>Nat\u00e1lie Zachov\u00e1<\/td>\n<td>AK \u0160koda Plze\u0148<\/td>\n<td>\u0160roubek<\/td>\n<td><\/td>\n<td><\/td>\n<td>V\u00e1clav Bouberle<\/td>\n<td>M\u00edla\u0159i Doma\u017elice<\/td>\n<td>Voj\u00e1k<\/td>\n<\/tr>\n<tr>\n<td>N\u00e1hr.:<\/td>\n<td><\/td>\n<td><\/td>\n<td><\/td>\n<td><\/td>\n<td>N\u00e1hr.:<\/td>\n<td><\/td>\n<td><\/td>\n<\/tr>\n<tr>\n<td>Krist\u00fdna Hozmanov\u00e1<\/td>\n<td>Atletika Klatovy<\/td>\n<td><\/td>\n<td><\/td>\n<td><\/td>\n<td>Tom\u00e1\u0161 Kraus<\/td>\n<td>Sokol Pet\u0159\u00edn<\/td>\n<td>Kraus<\/td>\n<\/tr>\n<tr>\n<td><\/td>\n<td><\/td>\n<td><\/td>\n<td><\/td>\n<td><\/td>\n<td><\/td>\n<td><\/td>\n<td><\/td>\n<\/tr>\n<tr>\n<td>Mlad\u0161\u00ed \u017e\u00e1kyn\u011b:<\/td>\n<td>Odd\u00edl:<\/td>\n<td>Tren\u00e9r:<\/td>\n<td><\/td>\n<td><\/td>\n<td>Mlad\u0161\u00ed \u017e\u00e1ci:<\/td>\n<td>Odd\u00edl:<\/td>\n<td>Tren\u00e9r:<\/td>\n<\/tr>\n<tr>\n<td>Emma Nov\u00e1kov\u00e1<\/td>\n<td>AK \u0160koda Plze\u0148<\/td>\n<td>Mar\u0161\u00e1lkov\u00e1<\/td>\n<td><\/td>\n<td><\/td>\n<td>Adam Ko\u0161\u00e1tko<\/td>\n<td>TJ Ban\u00edk St\u0159\u00edbro<\/td>\n<td>Matulkov\u00e1<\/td>\n<\/tr>\n<tr>\n<td>Veronika B\u0159\u00edzov\u00e1<\/td>\n<td>AK \u0160koda Plze\u0148<\/td>\n<td>Greinerov\u00e1<\/td>\n<td><\/td>\n<td><\/td>\n<td>V\u00e1clav Milsimer<\/td>\n<td>M\u00cdLA\u0158I Doma\u017elice<\/td>\n<td>Voj\u00e1k<\/td>\n<\/tr>\n<tr>\n<td>N\u00e1hr.:<\/td>\n<td><\/td>\n<td><\/td>\n<td><\/td>\n<td><\/td>\n<td>N\u00e1hr.:<\/td>\n<td><\/td>\n<td><\/td>\n<\/tr>\n<tr>\n<td>Stela Ko\u0159\u00ednkov\u00e1<\/td>\n<td>TJ Ban\u00edk St\u0159\u00edbro<\/td>\n<td>V\u0161eti\u010dkov\u00e1<\/td>\n<td><\/td>\n<td><\/td>\n<td>Leonard Mastn\u00fd<\/td>\n<td>Sokol Pet\u0159\u00edn<\/td>\n<td><\/td>\n<\/tr>\n<\/tbody>\n<\/table>\n<p>&nbsp;<\/p>\n","protected":false},"excerpt":{"rendered":"<p>Nominace na Fin\u00e1le B\u011b\u017eeck\u00e9ho poh\u00e1ru v Rumburku Vedouc\u00ed v\u00fdpravy Miroslav Neuvirt nominoval z\u00e1vodn\u00edky na bl\u00ed\u017e\u00edc\u00ed se Fin\u00e1le B\u011b\u017eeck\u00e9ho poh\u00e1ru, kter\u00fd bude hostit v r\u00e1mci M\u010cR&hellip;<\/p>\n","protected":false},"author":2,"featured_media":717,"comment_status":"closed","ping_status":"closed","sticky":false,"template":"","format":"standard","meta":{"footnotes":""},"categories":[1],"tags":[],"jetpack_sharing_enabled":true,"jetpack_featured_media_url":"http:\/\/pkas.cz\/wp-content\/uploads\/2020\/01\/PKAS_logo-pr\u016fhledn\u00fd.png","_links":{"self":[{"href":"http:\/\/pkas.cz\/index.php?rest_route=\/wp\/v2\/posts\/3223"}],"collection":[{"href":"http:\/\/pkas.cz\/index.php?rest_route=\/wp\/v2\/posts"}],"about":[{"href":"http:\/\/pkas.cz\/index.php?rest_route=\/wp\/v2\/types\/post"}],"author":[{"embeddable":true,"href":"http:\/\/pkas.cz\/index.php?rest_route=\/wp\/v2\/users\/2"}],"replies":[{"embeddable":true,"href":"http:\/\/pkas.cz\/index.php?rest_route=%2Fwp%2Fv2%2Fcomments&post=3223"}],"version-history":[{"count":2,"href":"http:\/\/pkas.cz\/index.php?rest_route=\/wp\/v2\/posts\/3223\/revisions"}],"predecessor-version":[{"id":3225,"href":"http:\/\/pkas.cz\/index.php?rest_route=\/wp\/v2\/posts\/3223\/revisions\/3225"}],"wp:featuredmedia":[{"embeddable":true,"href":"http:\/\/pkas.cz\/index.php?rest_route=\/wp\/v2\/media\/717"}],"wp:attachment":[{"href":"http:\/\/pkas.cz\/index.php?rest_route=%2Fwp%2Fv2%2Fmedia&parent=3223"}],"wp:term":[{"taxonomy":"category","embeddable":true,"href":"http:\/\/pkas.cz\/index.php?rest_route=%2Fwp%2Fv2%2Fcategories&post=3223"},{"taxonomy":"post_tag","embeddable":true,"href":"http:\/\/pkas.cz\/index.php?rest_route=%2Fwp%2Fv2%2Ftags&post=3223"}],"curies":[{"name":"wp","href":"https:\/\/api.w.org\/{rel}","templated":true}]}}