{"id":3218,"date":"2022-11-07T13:31:02","date_gmt":"2022-11-07T12:31:02","guid":{"rendered":"http:\/\/pkas.cz\/?p=3218"},"modified":"2022-11-07T13:31:02","modified_gmt":"2022-11-07T12:31:02","slug":"tereza-hrochova-v-prvni-desitce-na-ms-v-bezich-do-vrchu","status":"publish","type":"post","link":"http:\/\/pkas.cz\/?p=3218","title":{"rendered":"Tereza Hrochov\u00e1 v prvn\u00ed des\u00edtce na MS v b\u011bz\u00edch do vrchu"},"content":{"rendered":"<h1>Tereza Hrochov\u00e1 v prvn\u00ed des\u00edtce na MS v b\u011bz\u00edch do vrchu<\/h1>\n<p><img loading=\"lazy\" decoding=\"async\" class=\"alignnone size-medium wp-image-3220\" src=\"http:\/\/pkas.cz\/wp-content\/uploads\/2022\/11\/hrochvoasvetprespolak-200x300.jpg\" alt=\"\" width=\"200\" height=\"300\" srcset=\"http:\/\/pkas.cz\/wp-content\/uploads\/2022\/11\/hrochvoasvetprespolak-200x300.jpg 200w, http:\/\/pkas.cz\/wp-content\/uploads\/2022\/11\/hrochvoasvetprespolak.jpg 526w\" sizes=\"(max-width: 200px) 100vw, 200px\" \/><\/p>\n<p>Tereza Hrochov\u00e1 v akci (Fotozdroj AK \u0160KODA Plze\u0148)<\/p>\n<p>Prvn\u00ed listopadov\u00fd v\u00edkend se konalo v thajsk\u00e9m Tiang Mai MS v b\u011bz\u00edch do vrchu. \u00dasp\u011b\u0161n\u011b se zde prezentovala \u0160kodova\u010dka Tereza Hrochov\u00e1, kter\u00e1 se z\u00fa\u010dastnila dvou z\u00e1vod\u016f.<\/p>\n<p>V p\u00e1te\u010dn\u00edm z\u00e1vod\u011b v b\u011bhu do vrchu se j\u00ed poda\u0159ilo prolomit prvn\u00ed des\u00edtku a skon\u010dila na 9. m\u00edst\u011b. Samotn\u00fd pr\u016fb\u011bh okomentovala slovy:<\/p>\n<p><em>\u00davodn\u00ed kilometr a p\u016fl se b\u011b\u017eel celkem po rovin\u011b, co\u017e pro m\u011b bylo v\u00fdhodou a do ter\u00e9nu jsem vb\u00edhala na \u010dele z\u00e1vodu. V kopc\u00edch se pak po\u0159ad\u00ed hodn\u011b m\u011bnilo. Zejm\u00e9na dv\u011b stoup\u00e1n\u00ed byla hodn\u011b prudk\u00e1 a n\u00e1ro\u010dn\u00e1. Byl to hodn\u011b drsn\u00fd z\u00e1vod.\u201c<\/em><\/p>\n<p>V sout\u011b\u017ei dru\u017estev byla d\u011bv\u010data na \u0161est\u00e9m m\u00edst\u011b.<\/p>\n<p>V ned\u011bli se d\u00e1le Tereza p\u0159edstavila v z\u00e1vodu nahoru a dol\u016f a, zda se neve\u0161la t\u011bsn\u011b do prvn\u00ed des\u00edtky a dob\u011bhla na 11. m\u00edst\u011b.<\/p>\n<p>S dru\u017estvem op\u011bt obsadily \u0161est\u00e9 m\u00edsto.<\/p>\n<p><a href=\"https:\/\/my.raceresult.com\/225074\/?fbclid=IwAR26ikNk0rH5h187SW-dY50YPgifvwQrkz2ElvP3RCFg--6tXhoFUmTLf3s#5_1A6CF9\">V\u00ddSLEDKY Z THAJSKA<\/a><\/p>\n<p>&nbsp;<\/p>\n<p>\u010d\u00e1ste\u010dn\u011b p\u0159evzato z webu atletika.cz<\/p>\n<h1 class=\"DUwDvf fontHeadlineLarge\"><\/h1>\n","protected":false},"excerpt":{"rendered":"<p>Tereza Hrochov\u00e1 v prvn\u00ed des\u00edtce na MS v b\u011bz\u00edch do vrchu Tereza Hrochov\u00e1 v akci (Fotozdroj AK \u0160KODA Plze\u0148) Prvn\u00ed listopadov\u00fd v\u00edkend se konalo v&hellip;<\/p>\n","protected":false},"author":2,"featured_media":3220,"comment_status":"closed","ping_status":"closed","sticky":false,"template":"","format":"standard","meta":{"footnotes":""},"categories":[1],"tags":[],"jetpack_sharing_enabled":true,"jetpack_featured_media_url":"http:\/\/pkas.cz\/wp-content\/uploads\/2022\/11\/hrochvoasvetprespolak.jpg","_links":{"self":[{"href":"http:\/\/pkas.cz\/index.php?rest_route=\/wp\/v2\/posts\/3218"}],"collection":[{"href":"http:\/\/pkas.cz\/index.php?rest_route=\/wp\/v2\/posts"}],"about":[{"href":"http:\/\/pkas.cz\/index.php?rest_route=\/wp\/v2\/types\/post"}],"author":[{"embeddable":true,"href":"http:\/\/pkas.cz\/index.php?rest_route=\/wp\/v2\/users\/2"}],"replies":[{"embeddable":true,"href":"http:\/\/pkas.cz\/index.php?rest_route=%2Fwp%2Fv2%2Fcomments&post=3218"}],"version-history":[{"count":1,"href":"http:\/\/pkas.cz\/index.php?rest_route=\/wp\/v2\/posts\/3218\/revisions"}],"predecessor-version":[{"id":3221,"href":"http:\/\/pkas.cz\/index.php?rest_route=\/wp\/v2\/posts\/3218\/revisions\/3221"}],"wp:featuredmedia":[{"embeddable":true,"href":"http:\/\/pkas.cz\/index.php?rest_route=\/wp\/v2\/media\/3220"}],"wp:attachment":[{"href":"http:\/\/pkas.cz\/index.php?rest_route=%2Fwp%2Fv2%2Fmedia&parent=3218"}],"wp:term":[{"taxonomy":"category","embeddable":true,"href":"http:\/\/pkas.cz\/index.php?rest_route=%2Fwp%2Fv2%2Fcategories&post=3218"},{"taxonomy":"post_tag","embeddable":true,"href":"http:\/\/pkas.cz\/index.php?rest_route=%2Fwp%2Fv2%2Ftags&post=3218"}],"curies":[{"name":"wp","href":"https:\/\/api.w.org\/{rel}","templated":true}]}}