{"id":3203,"date":"2022-10-23T11:37:15","date_gmt":"2022-10-23T09:37:15","guid":{"rendered":"http:\/\/pkas.cz\/?p=3203"},"modified":"2022-10-23T11:37:15","modified_gmt":"2022-10-23T09:37:15","slug":"atleticke-skolni-souteze-republikova-finale","status":"publish","type":"post","link":"http:\/\/pkas.cz\/?p=3203","title":{"rendered":"Atletick\u00e9 \u0161koln\u00ed sout\u011b\u017ee &#8211; republikov\u00e1 fin\u00e1le"},"content":{"rendered":"<h1>Atletick\u00e9 \u0161koln\u00ed sout\u011b\u017ee &#8211; republikov\u00e1 fin\u00e1le<\/h1>\n<p><img loading=\"lazy\" decoding=\"async\" class=\"alignnone size-medium wp-image-3204\" src=\"http:\/\/pkas.cz\/wp-content\/uploads\/2022\/10\/hozmanova-225x300.jpeg\" alt=\"\" width=\"225\" height=\"300\" srcset=\"http:\/\/pkas.cz\/wp-content\/uploads\/2022\/10\/hozmanova-225x300.jpeg 225w, http:\/\/pkas.cz\/wp-content\/uploads\/2022\/10\/hozmanova.jpeg 615w\" sizes=\"(max-width: 225px) 100vw, 225px\" \/> <img loading=\"lazy\" decoding=\"async\" class=\"alignnone size-medium wp-image-3205\" src=\"http:\/\/pkas.cz\/wp-content\/uploads\/2022\/10\/ctyrboj2022-300x225.jpeg\" alt=\"\" width=\"300\" height=\"225\" srcset=\"http:\/\/pkas.cz\/wp-content\/uploads\/2022\/10\/ctyrboj2022-300x225.jpeg 300w, http:\/\/pkas.cz\/wp-content\/uploads\/2022\/10\/ctyrboj2022-1024x768.jpeg 1024w, http:\/\/pkas.cz\/wp-content\/uploads\/2022\/10\/ctyrboj2022-768x576.jpeg 768w, http:\/\/pkas.cz\/wp-content\/uploads\/2022\/10\/ctyrboj2022.jpeg 1190w\" sizes=\"(max-width: 300px) 100vw, 300px\" \/><\/p>\n<p>autor fotografie Josef P\u0161ajdl &#8211; t\u00fdm Gymn\u00e1zium Klatovy<\/p>\n<p>Hned dv\u011b \u0161koln\u00ed sout\u011b\u017ee m\u011bly sv\u00e9 republikov\u00e9 vrcholy v m\u011bs\u00edci \u0159\u00edjnu a n\u011bkter\u00e1 vystoupen\u00ed byla<\/p>\n<p><strong>Atletick\u00fd \u010dty\u0159boj &#8211; Republikov\u00e9 fin\u00e1le Opava<\/strong><\/p>\n<p>Ve dnech 13. 14. \u0159\u00edjna se uskute\u010dnilo republikov\u00e9 fin\u00e1le Atletick\u00e9ho \u010dty\u0159boje z\u00e1kladn\u00edch \u0161kol. Ve dvou kategori\u00edch startovala hned \u010dtve\u0159ice na\u0161ich z\u00e1stupc\u016f.<\/p>\n<p>Nej\u00fasp\u011b\u0161n\u011bj\u0161\u00ed t\u00fdm sestavilo Gymn\u00e1zium Klatovy okolo mistryn\u011b \u010cR <strong>Krist\u00fdny Hozmanov\u00e9<\/strong>, kter\u00e9 cel\u00e9 kl\u00e1n\u00ed vyhr\u00e1lo!<\/p>\n<p>T\u00fdm d\u00e1le tvo\u0159ily Dagmar \u0158ez\u00e1\u010dov\u00e1, Lucie a Martina Chalupov\u00e1, Aneta V\u00edtovcov\u00e1.\u00a0 T\u00fdm nasb\u00edral 8787 bod\u016f, co\u017e v kone\u010dn\u00e9m sou\u010dtu znamenalo n\u00e1skok 27 bod\u016f p\u0159ed druhou Z\u0160 Chrudim.<\/p>\n<p>Jen t\u011bsn\u011b pod stupni v\u00edt\u011bz\u016f z\u016fstal chlapeck\u00fd t\u00fdm 25. Z\u0160 Plze\u0148, kter\u00fd skon\u010dilo o pouh\u00fdch 5 bod\u016f \u010dtvrt\u00fd.<\/p>\n<p>Mlad\u0161\u00ed kategorii reprezentovaly n\u00e1\u0161 kraj t\u00fdmy z Doma\u017elic, kdy\u017e chlapci ze Z\u0160 Msgre Sta\u0161ka Doma\u017elice skon\u010dili p\u00e1t\u00ed a d\u011bv\u010data z Hor\u0161ovsk\u00e9ho T\u00fdna des\u00e1t\u00e9.<\/p>\n<p><a href=\"https:\/\/www.assk-msk.cz\/aktualne\/assk\/597-republikove-finale-v-atletickem-ctyrboji-zna-sve-viteze.html\">V\u00ddSLEDKY \u010cTY\u0158BOJE<\/a><\/p>\n<p><a href=\"https:\/\/online.atletika.cz\/vysledky\/65919\">INDIVIDU\u00c1LN\u00cd V\u00ddSLEDKY KAT. III.<\/a><\/p>\n<p><a href=\"https:\/\/online.atletika.cz\/vysledky\/65920\/0\/2\">INDIVIDU\u00c1LN\u00cd V\u00ddSLEDKY KAT. IV.\u00a0<\/a><\/p>\n<p>&nbsp;<\/p>\n<p><strong>Republikov\u00e9 fin\u00e1le St\u0159edo\u0161kolsk\u00e9ho poh\u00e1ru<\/strong><\/p>\n<p>Republikov\u00e9 fin\u00e1le St\u0159edo\u0161kolsk\u00e9ho poh\u00e1ru se vr\u00e1tilo po n\u011bkolika letech zp\u011bt do B\u0159eclavi a n\u00e1\u0161 kraj zde zastupovali v\u00edt\u011bzov\u00e9 krajsk\u00e9ho fin\u00e1le<\/p>\n<p>chlapci ze SP\u0160E Plze\u0148 a d\u011bv\u010data ze SP\u0160 stroj. a SO\u0160 prof. \u0160vejcara Plze\u0148. \u00dasp\u011b\u0161n\u011bj\u0161\u00ed nakonec byli chlapci, kte\u0159\u00ed skon\u010dili na 11. m\u00edst\u011b, d\u00edvky obsadily 14. m\u00edsto.<\/p>\n<p><a href=\"https:\/\/online.atletika.cz\/vysledky\/65396\/0\/5\">V\u00ddSLEDKY z B\u0158ECLAVI<\/a><\/p>\n<p>&nbsp;<\/p>\n","protected":false},"excerpt":{"rendered":"<p>Atletick\u00e9 \u0161koln\u00ed sout\u011b\u017ee &#8211; republikov\u00e1 fin\u00e1le autor fotografie Josef P\u0161ajdl &#8211; t\u00fdm Gymn\u00e1zium Klatovy Hned dv\u011b \u0161koln\u00ed sout\u011b\u017ee m\u011bly sv\u00e9 republikov\u00e9 vrcholy v m\u011bs\u00edci \u0159\u00edjnu&hellip;<\/p>\n","protected":false},"author":2,"featured_media":3205,"comment_status":"closed","ping_status":"closed","sticky":false,"template":"","format":"standard","meta":{"footnotes":""},"categories":[1],"tags":[],"jetpack_sharing_enabled":true,"jetpack_featured_media_url":"http:\/\/pkas.cz\/wp-content\/uploads\/2022\/10\/ctyrboj2022.jpeg","_links":{"self":[{"href":"http:\/\/pkas.cz\/index.php?rest_route=\/wp\/v2\/posts\/3203"}],"collection":[{"href":"http:\/\/pkas.cz\/index.php?rest_route=\/wp\/v2\/posts"}],"about":[{"href":"http:\/\/pkas.cz\/index.php?rest_route=\/wp\/v2\/types\/post"}],"author":[{"embeddable":true,"href":"http:\/\/pkas.cz\/index.php?rest_route=\/wp\/v2\/users\/2"}],"replies":[{"embeddable":true,"href":"http:\/\/pkas.cz\/index.php?rest_route=%2Fwp%2Fv2%2Fcomments&post=3203"}],"version-history":[{"count":1,"href":"http:\/\/pkas.cz\/index.php?rest_route=\/wp\/v2\/posts\/3203\/revisions"}],"predecessor-version":[{"id":3206,"href":"http:\/\/pkas.cz\/index.php?rest_route=\/wp\/v2\/posts\/3203\/revisions\/3206"}],"wp:featuredmedia":[{"embeddable":true,"href":"http:\/\/pkas.cz\/index.php?rest_route=\/wp\/v2\/media\/3205"}],"wp:attachment":[{"href":"http:\/\/pkas.cz\/index.php?rest_route=%2Fwp%2Fv2%2Fmedia&parent=3203"}],"wp:term":[{"taxonomy":"category","embeddable":true,"href":"http:\/\/pkas.cz\/index.php?rest_route=%2Fwp%2Fv2%2Fcategories&post=3203"},{"taxonomy":"post_tag","embeddable":true,"href":"http:\/\/pkas.cz\/index.php?rest_route=%2Fwp%2Fv2%2Ftags&post=3203"}],"curies":[{"name":"wp","href":"https:\/\/api.w.org\/{rel}","templated":true}]}}