{"id":320,"date":"2019-09-01T11:08:52","date_gmt":"2019-09-01T09:08:52","guid":{"rendered":"http:\/\/pkas.cz\/?p=320"},"modified":"2019-09-01T11:08:54","modified_gmt":"2019-09-01T09:08:54","slug":"plzenska-zapadoceska-atletika-zazila-historicky-den","status":"publish","type":"post","link":"http:\/\/pkas.cz\/?p=320","title":{"rendered":"Plze\u0148sk\u00e1, Z\u00e1pado\u010desk\u00e1 atletika za\u017eila historick\u00fd den!"},"content":{"rendered":"\n<h1 class=\"wp-block-heading\" style=\"text-align:center\"> Plze\u0148sk\u00e1, Z\u00e1pado\u010desk\u00e1 atletika za\u017eila historick\u00fd den! <\/h1>\n\n\n\n<figure class=\"wp-block-image\"><img loading=\"lazy\" decoding=\"async\" width=\"810\" height=\"608\" src=\"http:\/\/pkas.cz\/wp-content\/uploads\/2019\/09\/forejtiboras2019-1.jpg\" alt=\"forejtiboras2019\" class=\"wp-image-322\" srcset=\"http:\/\/pkas.cz\/wp-content\/uploads\/2019\/09\/forejtiboras2019-1.jpg 810w, http:\/\/pkas.cz\/wp-content\/uploads\/2019\/09\/forejtiboras2019-1-300x225.jpg 300w, http:\/\/pkas.cz\/wp-content\/uploads\/2019\/09\/forejtiboras2019-1-768x576.jpg 768w\" sizes=\"(max-width: 810px) 100vw, 810px\" \/><figcaption>ME U20 Boras. St\u0159\u00edbrn\u00fd Michal Forejt a broznov\u00fd Jakub Forejt ze \u0160kody Plze\u0148<\/figcaption><\/figure>\n\n\n\n<p><em>zdroj AK \u0160KODA<\/em><\/p>\n\n\n\n<p>Den 21.\u010dervence 2019 se zap\u00ed\u0161e do d\u011bjin Plze\u0148sk\u00e9, pota\u017emo Z\u00e1pado\u010desk\u00e9 atletiky velk\u00fdm p\u00edsmem. Bohu\u017eel ne zlat\u00fdm, ale v uvozovk\u00e1ch jen st\u0159\u00edbrn\u00fdm, bronzov\u00fdm a bramborov\u00fdm.\u00a0<br><strong>MICHAL FOREJT<\/strong>\u00a0VICEMISTR EVROPY U20 2019 V DISKU &#8211; 62,17m\u00a0<br><strong>JAKUB FOREJT<\/strong>\u00a0BRONZOV\u00dd MEDAILSTA ME U20 2019 V DISKU 61,64m\u00a0<br><strong>FILIP LI\u010cMAN<\/strong>\u00a0VICEMISTR EVROPY U20 4X400M, \u010cESK\u00dd REKORD\u00a0<br><strong>LINDA SUCH\u00c1<\/strong> 4. M\u00cdSTO SKOK DALEK\u00dd 626 cm.<br>I dal\u0161\u00ed atleti z na\u0161eho regionu si odv\u00e1\u017eej\u00ed zaj\u00edmav\u00e1 um\u00edst\u011bn\u00ed.\u00a0<br><strong>TEREZA SCHEJBALOV\u00c1<\/strong>\u00a0osobn\u00edm rekordem 405 cm pro\u0161la do fin\u00e1le ty\u010dky. V n\u011bm\u017e bohu\u017eel nesko\u010dila z\u00e1kladn\u00ed v\u00fd\u0161ku a skon\u010dila 16.\u00a0<br><strong>LINDA HETTLEROV\u00c1<\/strong>\u00a0se neprobojovala z rozb\u011bh\u016f na 100, 200m, ale se \u0161tafetou sahali po \u00fa\u010dasti ve fin\u00e1le. Nakonec dev\u00e1t\u00e9 m\u00edsto a pouh\u00e9 t\u0159i setiny od osmi\u010dky.<br>KOMPLETN\u00cd V\u00ddSLEDKY\u00a0<a href=\"https:\/\/online.atletika.cz\/upload\/boras%2018-21.7.2019.pdf\">ZDE<\/a><br>Atletika pokra\u010duje m\u00edlov\u00fdmi kroky d\u00e1l, ji\u017e od pond\u011bl\u00ed 22.7. b\u011b\u017e\u00ed Evropsk\u00fd olympijsk\u00fd festival ml\u00e1de\u017ee v Baku a o v\u00edkendu je na programu n\u00e1rodn\u00ed \u0161ampion\u00e1t dosp\u011bl\u00fdch. <\/p>\n","protected":false},"excerpt":{"rendered":"<p>Plze\u0148sk\u00e1, Z\u00e1pado\u010desk\u00e1 atletika za\u017eila historick\u00fd den! zdroj AK \u0160KODA Den 21.\u010dervence 2019 se zap\u00ed\u0161e do d\u011bjin Plze\u0148sk\u00e9, pota\u017emo Z\u00e1pado\u010desk\u00e9 atletiky velk\u00fdm p\u00edsmem. Bohu\u017eel ne zlat\u00fdm,&hellip;<\/p>\n","protected":false},"author":1,"featured_media":322,"comment_status":"open","ping_status":"open","sticky":false,"template":"","format":"standard","meta":{"footnotes":""},"categories":[1],"tags":[],"jetpack_sharing_enabled":true,"jetpack_featured_media_url":"http:\/\/pkas.cz\/wp-content\/uploads\/2019\/09\/forejtiboras2019-1.jpg","_links":{"self":[{"href":"http:\/\/pkas.cz\/index.php?rest_route=\/wp\/v2\/posts\/320"}],"collection":[{"href":"http:\/\/pkas.cz\/index.php?rest_route=\/wp\/v2\/posts"}],"about":[{"href":"http:\/\/pkas.cz\/index.php?rest_route=\/wp\/v2\/types\/post"}],"author":[{"embeddable":true,"href":"http:\/\/pkas.cz\/index.php?rest_route=\/wp\/v2\/users\/1"}],"replies":[{"embeddable":true,"href":"http:\/\/pkas.cz\/index.php?rest_route=%2Fwp%2Fv2%2Fcomments&post=320"}],"version-history":[{"count":1,"href":"http:\/\/pkas.cz\/index.php?rest_route=\/wp\/v2\/posts\/320\/revisions"}],"predecessor-version":[{"id":323,"href":"http:\/\/pkas.cz\/index.php?rest_route=\/wp\/v2\/posts\/320\/revisions\/323"}],"wp:featuredmedia":[{"embeddable":true,"href":"http:\/\/pkas.cz\/index.php?rest_route=\/wp\/v2\/media\/322"}],"wp:attachment":[{"href":"http:\/\/pkas.cz\/index.php?rest_route=%2Fwp%2Fv2%2Fmedia&parent=320"}],"wp:term":[{"taxonomy":"category","embeddable":true,"href":"http:\/\/pkas.cz\/index.php?rest_route=%2Fwp%2Fv2%2Fcategories&post=320"},{"taxonomy":"post_tag","embeddable":true,"href":"http:\/\/pkas.cz\/index.php?rest_route=%2Fwp%2Fv2%2Ftags&post=320"}],"curies":[{"name":"wp","href":"https:\/\/api.w.org\/{rel}","templated":true}]}}