{"id":3187,"date":"2022-10-09T21:22:49","date_gmt":"2022-10-09T19:22:49","guid":{"rendered":"http:\/\/pkas.cz\/?p=3187"},"modified":"2022-10-11T08:26:48","modified_gmt":"2022-10-11T06:26:48","slug":"beh-klatovskou-hurkou","status":"publish","type":"post","link":"http:\/\/pkas.cz\/?p=3187","title":{"rendered":"B\u011bh klatovskou H\u016frkou"},"content":{"rendered":"<h1>B\u011bh klatovskou H\u016frkou<\/h1>\n<p><img loading=\"lazy\" decoding=\"async\" class=\"alignnone size-medium wp-image-3197\" src=\"http:\/\/pkas.cz\/wp-content\/uploads\/2022\/10\/Beh-Hurkou-300x255.jpg\" alt=\"\" width=\"300\" height=\"255\" srcset=\"http:\/\/pkas.cz\/wp-content\/uploads\/2022\/10\/Beh-Hurkou-300x255.jpg 300w, http:\/\/pkas.cz\/wp-content\/uploads\/2022\/10\/Beh-Hurkou.jpg 555w\" sizes=\"(max-width: 300px) 100vw, 300px\" \/><\/p>\n<p>Foto &#8211; Atletika Klatovy<\/p>\n<p>V sobotu se v Klatovech uskute\u010dnil 11. ro\u010dn\u00edk B\u011bhu klatovskou H\u016frkou. Zat\u00edm nejlep\u0161\u00ed poh\u00e1rov\u00e1 podzimn\u00ed \u00fa\u010dast p\u0159ivedla na start 195 b\u011b\u017ec\u016f nap\u0159\u00ed\u010d kategoriemi.<\/p>\n<p>P\u0159in\u00e1\u0161\u00edme <a href=\"http:\/\/www.pro-sport.cz\/sites\/PRO-SPORT.cz\/\/repository\/Vysledky_b__hu_pod_h__rkou_2022.pdf\">V\u00ddSLEDKY<\/a><\/p>\n<p><a href=\"http:\/\/www.pro-sport.cz\/sites\/PRO-SPORT.cz\/\/repository\/Pr__b____n___po__ad___B____eck__ho_poh__ru_ml__de__e_2022_IX.xls\">PR\u016eB\u011a\u017dN\u00c9 PO\u0158AD\u00cd POH\u00c1RU PLZE\u0147SK\u00c9HO KRAJE PO 9 Z\u00c1VODECH<\/a><\/p>\n<p>N\u011bkolik fotografi\u00ed ze z\u00e1vodu k nahl\u00e9dnut\u00ed <a href=\"https:\/\/drive.google.com\/drive\/folders\/1EsQ6aX6i_4Y04fvIr6iDXi1scZLkkvsI?usp=sharing\">ZDE<\/a><\/p>\n<p>Poh\u00e1rov\u00e9 kl\u00e1n\u00ed m\u00e1 p\u0159ed sebou je\u0161t\u011b dva listopadov\u00e9 vrcholy 17. listopadu premi\u00e9rov\u011b v Blovic\u00edch a 19. listopadu v r\u00e1mci OM v krosu v B\u011bl\u00e9 nad Radbuzou.<\/p>\n<p>&nbsp;<\/p>\n","protected":false},"excerpt":{"rendered":"<p>B\u011bh klatovskou H\u016frkou Foto &#8211; Atletika Klatovy V sobotu se v Klatovech uskute\u010dnil 11. ro\u010dn\u00edk B\u011bhu klatovskou H\u016frkou. Zat\u00edm nejlep\u0161\u00ed poh\u00e1rov\u00e1 podzimn\u00ed \u00fa\u010dast p\u0159ivedla na&hellip;<\/p>\n","protected":false},"author":2,"featured_media":3197,"comment_status":"closed","ping_status":"closed","sticky":false,"template":"","format":"standard","meta":{"footnotes":""},"categories":[1],"tags":[],"jetpack_sharing_enabled":true,"jetpack_featured_media_url":"http:\/\/pkas.cz\/wp-content\/uploads\/2022\/10\/Beh-Hurkou.jpg","_links":{"self":[{"href":"http:\/\/pkas.cz\/index.php?rest_route=\/wp\/v2\/posts\/3187"}],"collection":[{"href":"http:\/\/pkas.cz\/index.php?rest_route=\/wp\/v2\/posts"}],"about":[{"href":"http:\/\/pkas.cz\/index.php?rest_route=\/wp\/v2\/types\/post"}],"author":[{"embeddable":true,"href":"http:\/\/pkas.cz\/index.php?rest_route=\/wp\/v2\/users\/2"}],"replies":[{"embeddable":true,"href":"http:\/\/pkas.cz\/index.php?rest_route=%2Fwp%2Fv2%2Fcomments&post=3187"}],"version-history":[{"count":3,"href":"http:\/\/pkas.cz\/index.php?rest_route=\/wp\/v2\/posts\/3187\/revisions"}],"predecessor-version":[{"id":3198,"href":"http:\/\/pkas.cz\/index.php?rest_route=\/wp\/v2\/posts\/3187\/revisions\/3198"}],"wp:featuredmedia":[{"embeddable":true,"href":"http:\/\/pkas.cz\/index.php?rest_route=\/wp\/v2\/media\/3197"}],"wp:attachment":[{"href":"http:\/\/pkas.cz\/index.php?rest_route=%2Fwp%2Fv2%2Fmedia&parent=3187"}],"wp:term":[{"taxonomy":"category","embeddable":true,"href":"http:\/\/pkas.cz\/index.php?rest_route=%2Fwp%2Fv2%2Fcategories&post=3187"},{"taxonomy":"post_tag","embeddable":true,"href":"http:\/\/pkas.cz\/index.php?rest_route=%2Fwp%2Fv2%2Ftags&post=3187"}],"curies":[{"name":"wp","href":"https:\/\/api.w.org\/{rel}","templated":true}]}}