{"id":3184,"date":"2022-10-06T23:06:01","date_gmt":"2022-10-06T21:06:01","guid":{"rendered":"http:\/\/pkas.cz\/?p=3184"},"modified":"2022-10-09T21:26:38","modified_gmt":"2022-10-09T19:26:38","slug":"57-rocnik-behu-lesy-babylonskymi","status":"publish","type":"post","link":"http:\/\/pkas.cz\/?p=3184","title":{"rendered":"57. ro\u010dn\u00edk B\u011bhu lesy babyl\u00f3nsk\u00fdmi"},"content":{"rendered":"<h1>57. ro\u010dn\u00edk B\u011bhu lesy babyl\u00f3nsk\u00fdmi<\/h1>\n<p><img loading=\"lazy\" decoding=\"async\" class=\"alignnone size-medium wp-image-3189\" src=\"http:\/\/pkas.cz\/wp-content\/uploads\/2022\/10\/57blb-300x200.jpg\" alt=\"\" width=\"300\" height=\"200\" srcset=\"http:\/\/pkas.cz\/wp-content\/uploads\/2022\/10\/57blb-300x200.jpg 300w, http:\/\/pkas.cz\/wp-content\/uploads\/2022\/10\/57blb-1024x683.jpg 1024w, http:\/\/pkas.cz\/wp-content\/uploads\/2022\/10\/57blb-768x512.jpg 768w, http:\/\/pkas.cz\/wp-content\/uploads\/2022\/10\/57blb-391x260.jpg 391w, http:\/\/pkas.cz\/wp-content\/uploads\/2022\/10\/57blb-1536x1025.jpg 1536w, http:\/\/pkas.cz\/wp-content\/uploads\/2022\/10\/57blb.jpg 2000w\" sizes=\"(max-width: 300px) 100vw, 300px\" \/><\/p>\n<p>fotozdroj M\u00edra Benda<\/p>\n<p>Tradi\u010dn\u011b prvn\u00ed \u0159\u00edjnovou sobotu se uskute\u010dnil 57. ro\u010dn\u00edk B\u011bhu lesy babyl\u00f3nsk\u00fdmi. Na startu krom\u011b hlavn\u00edho z\u00e1vodu se p\u0159edstavili kategorie od nejmen\u0161\u00edch d\u011bt\u00ed, kter\u00e9 sout\u011b\u017e\u00ed v r\u00e1mci celoro\u010dn\u00edch sout\u011b\u017e\u00ed B\u011b\u017eeck\u00fd poh\u00e1r Plze\u0148sk\u00e9ho kraje a B\u011b\u017eec Chodska junior.<\/p>\n<p>P\u0159in\u00e1\u0161\u00edme <a href=\"http:\/\/www.pro-sport.cz\/vysledky-3\/\">KOMPLETN\u00cd V\u00ddSLEDKY<\/a><\/p>\n<p>a <a href=\"http:\/\/www.pro-sport.cz\/sites\/PRO-SPORT.cz\/repository\/Pr__b____n___po__ad___B____eck__ho_poh__ru_ml__de__e_2022_VIII.xls\">PR\u016eB\u011a\u017dN\u00c9 V\u00ddSLEDKY B\u011a\u017dECK\u00c9HO POH\u00c1RU PO 8 Z\u00c1VODECH<\/a><\/p>\n<p>&nbsp;<\/p>\n<p>&nbsp;<\/p>\n","protected":false},"excerpt":{"rendered":"<p>57. ro\u010dn\u00edk B\u011bhu lesy babyl\u00f3nsk\u00fdmi fotozdroj M\u00edra Benda Tradi\u010dn\u011b prvn\u00ed \u0159\u00edjnovou sobotu se uskute\u010dnil 57. ro\u010dn\u00edk B\u011bhu lesy babyl\u00f3nsk\u00fdmi. Na startu krom\u011b hlavn\u00edho z\u00e1vodu se&hellip;<\/p>\n","protected":false},"author":2,"featured_media":3189,"comment_status":"closed","ping_status":"closed","sticky":false,"template":"","format":"standard","meta":{"footnotes":""},"categories":[1],"tags":[],"jetpack_sharing_enabled":true,"jetpack_featured_media_url":"http:\/\/pkas.cz\/wp-content\/uploads\/2022\/10\/57blb.jpg","_links":{"self":[{"href":"http:\/\/pkas.cz\/index.php?rest_route=\/wp\/v2\/posts\/3184"}],"collection":[{"href":"http:\/\/pkas.cz\/index.php?rest_route=\/wp\/v2\/posts"}],"about":[{"href":"http:\/\/pkas.cz\/index.php?rest_route=\/wp\/v2\/types\/post"}],"author":[{"embeddable":true,"href":"http:\/\/pkas.cz\/index.php?rest_route=\/wp\/v2\/users\/2"}],"replies":[{"embeddable":true,"href":"http:\/\/pkas.cz\/index.php?rest_route=%2Fwp%2Fv2%2Fcomments&post=3184"}],"version-history":[{"count":4,"href":"http:\/\/pkas.cz\/index.php?rest_route=\/wp\/v2\/posts\/3184\/revisions"}],"predecessor-version":[{"id":3191,"href":"http:\/\/pkas.cz\/index.php?rest_route=\/wp\/v2\/posts\/3184\/revisions\/3191"}],"wp:featuredmedia":[{"embeddable":true,"href":"http:\/\/pkas.cz\/index.php?rest_route=\/wp\/v2\/media\/3189"}],"wp:attachment":[{"href":"http:\/\/pkas.cz\/index.php?rest_route=%2Fwp%2Fv2%2Fmedia&parent=3184"}],"wp:term":[{"taxonomy":"category","embeddable":true,"href":"http:\/\/pkas.cz\/index.php?rest_route=%2Fwp%2Fv2%2Fcategories&post=3184"},{"taxonomy":"post_tag","embeddable":true,"href":"http:\/\/pkas.cz\/index.php?rest_route=%2Fwp%2Fv2%2Ftags&post=3184"}],"curies":[{"name":"wp","href":"https:\/\/api.w.org\/{rel}","templated":true}]}}