{"id":3181,"date":"2022-10-03T13:30:14","date_gmt":"2022-10-03T11:30:14","guid":{"rendered":"http:\/\/pkas.cz\/?p=3181"},"modified":"2022-10-03T13:30:14","modified_gmt":"2022-10-03T11:30:14","slug":"krajske-prebory-ve-vicebojich-v-ramci-klatovskych-viceboju","status":"publish","type":"post","link":"http:\/\/pkas.cz\/?p=3181","title":{"rendered":"Krajsk\u00e9 p\u0159ebory ve v\u00edceboj\u00edch v r\u00e1mci klatovsk\u00fdch v\u00edceboj\u016f"},"content":{"rendered":"<h1>Krajsk\u00e9 p\u0159ebory ve v\u00edceboj\u00edch v r\u00e1mci klatovsk\u00fdch v\u00edceboj\u016f<\/h1>\n<p><img loading=\"lazy\" decoding=\"async\" class=\"alignnone size-medium wp-image-3182\" src=\"http:\/\/pkas.cz\/wp-content\/uploads\/2022\/10\/viceboje-klatovy-300x224.jpg\" alt=\"\" width=\"300\" height=\"224\" srcset=\"http:\/\/pkas.cz\/wp-content\/uploads\/2022\/10\/viceboje-klatovy-300x224.jpg 300w, http:\/\/pkas.cz\/wp-content\/uploads\/2022\/10\/viceboje-klatovy-1024x766.jpg 1024w, http:\/\/pkas.cz\/wp-content\/uploads\/2022\/10\/viceboje-klatovy-768x575.jpg 768w, http:\/\/pkas.cz\/wp-content\/uploads\/2022\/10\/viceboje-klatovy-1536x1149.jpg 1536w, http:\/\/pkas.cz\/wp-content\/uploads\/2022\/10\/viceboje-klatovy.jpg 2048w\" sizes=\"(max-width: 300px) 100vw, 300px\" \/><\/p>\n<p>fotozdroj Roman Sladk\u00fd<\/p>\n<p>Na z\u00e1v\u011br atletick\u00e9 sez\u00f3ny prob\u011bhly v Klatovech tradi\u010dn\u00ed v\u00edceboje, kter\u00e9 v leto\u0161n\u00edm roce byly vypsan\u00e9 i jako p\u0159ebory jednotlivc\u016f.<\/p>\n<p>P\u0159in\u00e1\u0161\u00edme <a href=\"https:\/\/online.atletika.cz\/vysledky\/65317\/0\/3\">V\u00ddSLEDKY<\/a><\/p>\n","protected":false},"excerpt":{"rendered":"<p>Krajsk\u00e9 p\u0159ebory ve v\u00edceboj\u00edch v r\u00e1mci klatovsk\u00fdch v\u00edceboj\u016f fotozdroj Roman Sladk\u00fd Na z\u00e1v\u011br atletick\u00e9 sez\u00f3ny prob\u011bhly v Klatovech tradi\u010dn\u00ed v\u00edceboje, kter\u00e9 v leto\u0161n\u00edm roce byly&hellip;<\/p>\n","protected":false},"author":2,"featured_media":3182,"comment_status":"closed","ping_status":"closed","sticky":false,"template":"","format":"standard","meta":{"footnotes":""},"categories":[1],"tags":[],"jetpack_sharing_enabled":true,"jetpack_featured_media_url":"http:\/\/pkas.cz\/wp-content\/uploads\/2022\/10\/viceboje-klatovy.jpg","_links":{"self":[{"href":"http:\/\/pkas.cz\/index.php?rest_route=\/wp\/v2\/posts\/3181"}],"collection":[{"href":"http:\/\/pkas.cz\/index.php?rest_route=\/wp\/v2\/posts"}],"about":[{"href":"http:\/\/pkas.cz\/index.php?rest_route=\/wp\/v2\/types\/post"}],"author":[{"embeddable":true,"href":"http:\/\/pkas.cz\/index.php?rest_route=\/wp\/v2\/users\/2"}],"replies":[{"embeddable":true,"href":"http:\/\/pkas.cz\/index.php?rest_route=%2Fwp%2Fv2%2Fcomments&post=3181"}],"version-history":[{"count":1,"href":"http:\/\/pkas.cz\/index.php?rest_route=\/wp\/v2\/posts\/3181\/revisions"}],"predecessor-version":[{"id":3183,"href":"http:\/\/pkas.cz\/index.php?rest_route=\/wp\/v2\/posts\/3181\/revisions\/3183"}],"wp:featuredmedia":[{"embeddable":true,"href":"http:\/\/pkas.cz\/index.php?rest_route=\/wp\/v2\/media\/3182"}],"wp:attachment":[{"href":"http:\/\/pkas.cz\/index.php?rest_route=%2Fwp%2Fv2%2Fmedia&parent=3181"}],"wp:term":[{"taxonomy":"category","embeddable":true,"href":"http:\/\/pkas.cz\/index.php?rest_route=%2Fwp%2Fv2%2Fcategories&post=3181"},{"taxonomy":"post_tag","embeddable":true,"href":"http:\/\/pkas.cz\/index.php?rest_route=%2Fwp%2Fv2%2Ftags&post=3181"}],"curies":[{"name":"wp","href":"https:\/\/api.w.org\/{rel}","templated":true}]}}