{"id":3173,"date":"2022-09-29T08:44:40","date_gmt":"2022-09-29T06:44:40","guid":{"rendered":"http:\/\/pkas.cz\/?p=3173"},"modified":"2022-09-29T08:44:40","modified_gmt":"2022-09-29T06:44:40","slug":"mezikrajove-utkani-mladsiho-zactva-tym-plzenskeho-kraje-druhy","status":"publish","type":"post","link":"http:\/\/pkas.cz\/?p=3173","title":{"rendered":"Mezikrajov\u00e9 utk\u00e1n\u00ed mlad\u0161\u00edho \u017eactva &#8211; T\u00fdm Plze\u0148sk\u00e9ho kraje druh\u00fd"},"content":{"rendered":"<h1>Mezikrajov\u00e9 utk\u00e1n\u00ed mlad\u0161\u00edho \u017eactva &#8211; T\u00fdm Plze\u0148sk\u00e9ho kraje druh\u00fd<\/h1>\n<p><img loading=\"lazy\" decoding=\"async\" class=\"alignnone size-medium wp-image-3174\" src=\"http:\/\/pkas.cz\/wp-content\/uploads\/2022\/09\/mezikrajko1JPG-300x200.jpg\" alt=\"\" width=\"300\" height=\"200\" srcset=\"http:\/\/pkas.cz\/wp-content\/uploads\/2022\/09\/mezikrajko1JPG-300x200.jpg 300w, http:\/\/pkas.cz\/wp-content\/uploads\/2022\/09\/mezikrajko1JPG-1024x683.jpg 1024w, http:\/\/pkas.cz\/wp-content\/uploads\/2022\/09\/mezikrajko1JPG-768x512.jpg 768w, http:\/\/pkas.cz\/wp-content\/uploads\/2022\/09\/mezikrajko1JPG-391x260.jpg 391w, http:\/\/pkas.cz\/wp-content\/uploads\/2022\/09\/mezikrajko1JPG-1536x1024.jpg 1536w, http:\/\/pkas.cz\/wp-content\/uploads\/2022\/09\/mezikrajko1JPG-2048x1365.jpg 2048w\" sizes=\"(max-width: 300px) 100vw, 300px\" \/><\/p>\n<p>fotozdroj Kate\u0159ina Mar\u0161\u00e1lkov\u00e1<\/p>\n<p>Na z\u00e1v\u011br sez\u00f3ny se 28.9. uskute\u010dnilo Mezikrajov\u00e9 utk\u00e1n\u00ed mlad\u0161\u00edho \u017eactva ve st\u0159edo\u010desk\u00e9m Bene\u0161ov\u011b.<\/p>\n<p>V leto\u0161n\u00edm roce byl siln\u011bj\u0161\u00ed n\u00e1\u0161 t\u00fdm chlapc\u016f ne\u017e d\u00edvek, kter\u00fd obsadil druh\u00e9 m\u00edsto, d\u00edvky nakonec skon\u010dily \u010dtvrt\u00e9. Celkov\u011b bodov\u00fd sou\u010det sta\u010dil na st\u0159\u00edbrnou pozici.<\/p>\n<p>D\u00edl\u010d\u00ed v\u00edt\u011bzstv\u00ed si ve sv\u00fdch discipl\u00edn\u00e1ch p\u0159ipsal <strong>Pavel Svojanovsk\u00fd<\/strong> v kouli, <strong>Jakub Nygr\u00fdn<\/strong> ve v\u00fd\u0161ce a <strong>Anton\u00edn Pt\u00e1k<\/strong> na 150m.<\/p>\n<p><a href=\"https:\/\/online.atletika.cz\/vysledky\/65237\/0\/2\">KOMPLETN\u00cd V\u00ddSLEDKY Z BENE\u0160OVA<\/a><\/p>\n<p>&nbsp;<\/p>\n","protected":false},"excerpt":{"rendered":"<p>Mezikrajov\u00e9 utk\u00e1n\u00ed mlad\u0161\u00edho \u017eactva &#8211; T\u00fdm Plze\u0148sk\u00e9ho kraje druh\u00fd fotozdroj Kate\u0159ina Mar\u0161\u00e1lkov\u00e1 Na z\u00e1v\u011br sez\u00f3ny se 28.9. uskute\u010dnilo Mezikrajov\u00e9 utk\u00e1n\u00ed mlad\u0161\u00edho \u017eactva ve st\u0159edo\u010desk\u00e9m Bene\u0161ov\u011b.&hellip;<\/p>\n","protected":false},"author":2,"featured_media":3174,"comment_status":"closed","ping_status":"closed","sticky":false,"template":"","format":"standard","meta":{"footnotes":""},"categories":[1],"tags":[],"jetpack_sharing_enabled":true,"jetpack_featured_media_url":"http:\/\/pkas.cz\/wp-content\/uploads\/2022\/09\/mezikrajko1JPG.jpg","_links":{"self":[{"href":"http:\/\/pkas.cz\/index.php?rest_route=\/wp\/v2\/posts\/3173"}],"collection":[{"href":"http:\/\/pkas.cz\/index.php?rest_route=\/wp\/v2\/posts"}],"about":[{"href":"http:\/\/pkas.cz\/index.php?rest_route=\/wp\/v2\/types\/post"}],"author":[{"embeddable":true,"href":"http:\/\/pkas.cz\/index.php?rest_route=\/wp\/v2\/users\/2"}],"replies":[{"embeddable":true,"href":"http:\/\/pkas.cz\/index.php?rest_route=%2Fwp%2Fv2%2Fcomments&post=3173"}],"version-history":[{"count":1,"href":"http:\/\/pkas.cz\/index.php?rest_route=\/wp\/v2\/posts\/3173\/revisions"}],"predecessor-version":[{"id":3175,"href":"http:\/\/pkas.cz\/index.php?rest_route=\/wp\/v2\/posts\/3173\/revisions\/3175"}],"wp:featuredmedia":[{"embeddable":true,"href":"http:\/\/pkas.cz\/index.php?rest_route=\/wp\/v2\/media\/3174"}],"wp:attachment":[{"href":"http:\/\/pkas.cz\/index.php?rest_route=%2Fwp%2Fv2%2Fmedia&parent=3173"}],"wp:term":[{"taxonomy":"category","embeddable":true,"href":"http:\/\/pkas.cz\/index.php?rest_route=%2Fwp%2Fv2%2Fcategories&post=3173"},{"taxonomy":"post_tag","embeddable":true,"href":"http:\/\/pkas.cz\/index.php?rest_route=%2Fwp%2Fv2%2Ftags&post=3173"}],"curies":[{"name":"wp","href":"https:\/\/api.w.org\/{rel}","templated":true}]}}