{"id":316,"date":"2019-09-01T11:05:15","date_gmt":"2019-09-01T09:05:15","guid":{"rendered":"http:\/\/pkas.cz\/?p=316"},"modified":"2019-09-01T11:09:17","modified_gmt":"2019-09-01T09:09:17","slug":"me-u23-josef-adamek-ve-finale-vysky-12","status":"publish","type":"post","link":"http:\/\/pkas.cz\/?p=316","title":{"rendered":"ME U23 &#8211; Josef Ad\u00e1mek ve fin\u00e1le v\u00fd\u0161ky 12."},"content":{"rendered":"\n<h1 class=\"wp-block-heading\" style=\"text-align:center\"> ME U23 &#8211; Josef Ad\u00e1mek ve fin\u00e1le v\u00fd\u0161ky 12. <\/h1>\n\n\n\n<figure class=\"wp-block-image\"><img loading=\"lazy\" decoding=\"async\" width=\"830\" height=\"830\" src=\"http:\/\/pkas.cz\/wp-content\/uploads\/2019\/09\/adameku232019.jpg\" alt=\"\" class=\"wp-image-317\" srcset=\"http:\/\/pkas.cz\/wp-content\/uploads\/2019\/09\/adameku232019.jpg 830w, http:\/\/pkas.cz\/wp-content\/uploads\/2019\/09\/adameku232019-150x150.jpg 150w, http:\/\/pkas.cz\/wp-content\/uploads\/2019\/09\/adameku232019-300x300.jpg 300w, http:\/\/pkas.cz\/wp-content\/uploads\/2019\/09\/adameku232019-768x768.jpg 768w\" sizes=\"(max-width: 830px) 100vw, 830px\" \/><figcaption>ME U23. Josef Ad\u00e1mek ze \u0160kody Plze\u0148<\/figcaption><\/figure>\n\n\n\n<p> <em>zdroj foto AK \u0160KODA Plze\u0148, JOJKA.cz <\/em><\/p>\n\n\n\n<p>Dva repezentanty vyslal n\u00e1\u0161 region na ME U23 do \u0161v\u00e9dsk\u00e9ho G\u00c4VLE. Severn\u011b od Stokholmu bylo po\u010das\u00ed prom\u011bnliv\u00e9 a tak se st\u0159\u00eddali p\u0159eh\u00e1\u0148ky se slune\u010dn\u00edmi paprsky. Velice dob\u0159e se popasovali s podm\u00ednkami na\u0161i z\u00e1vodn\u00edci:&nbsp;<br><strong>JOSEF AD\u00c1MEK<\/strong>&nbsp;se prezentoval velmi dobr\u00fdmi v\u00fdkony, kdy\u017e si v kvalifikaci skon\u010dil osobn\u00ed rekord 216 cm, co\u017e jej posunulo do nejlep\u0161\u00ed dvan\u00e1ctky \u0161ampion\u00e1tu.<br>Ve fin\u00e1le ji\u017e z\u016fstal o v\u00fd\u0161ku n\u00ed\u017ee na 211 cm ze \u0161v\u00e9dks a si odv\u00e1\u017e\u00ed 12. m\u00edsto.<br><strong>TEREZA JON\u00c1\u0160OV\u00c1<\/strong>&nbsp;pro\u0161la v kvalika\u010dn\u00edm kole p\u0159\u00edmo do semifin\u00e1le v\u00fdkonem 59,32s. V n\u011bm si p\u0159ipsala dal\u0161\u00ed d\u00edl\u010d\u00ed v\u00fdkon pod 1 minutu a \u010dasem 59,92s. obsadila 15. pozici.<br><strong>KATE\u0158INA SKYPALOV\u00c1<\/strong>&nbsp;&#8211; sledujeme i cesty b\u00fdval\u00fdch z\u00e1vodn\u00edk\u016f z na\u0161eho regionu. Ka\u010dka dle sv\u00fdch slov vypadala ve form\u011b, bohu\u017eel t\u011bsn\u011b p\u0159ed \u0161ampion\u00e1tem ji skolilala ang\u00edna, i tak zabojovala a probojovala se do fin\u00e1le, kde to v\u00edce jak na 12. p\u0159\u00ed\u010dku nesta\u010dilo. V\u00ddSLEDKY&nbsp;<a href=\"https:\/\/www.european-athletics.org\/competitions\/european-athletics-u23-championships\/2019\/schedules-results\/\">ZDE<\/a><br>Ji\u017e tento t\u00fdden pokra\u010duje seri\u00e1l ME v ji\u017en\u00edm \u0160v\u00e9dsku &#8211; m\u011bsto BORAS &#8211; dal\u0161\u00edm d\u00edlem. Tak\u00e9 junio\u0159i budou m\u00edt bohat\u00e9 zastoupen\u00ed v pod\u00e1n\u00ed \u0161esti reprezentant\u016f z na\u0161eho regionu. O d\u00edl\u010d\u00edch \u00fasp\u011b\u0161\u00edch v\u00e1s budeme informovat. <\/p>\n","protected":false},"excerpt":{"rendered":"<p>ME U23 &#8211; Josef Ad\u00e1mek ve fin\u00e1le v\u00fd\u0161ky 12. zdroj foto AK \u0160KODA Plze\u0148, JOJKA.cz Dva repezentanty vyslal n\u00e1\u0161 region na ME U23 do \u0161v\u00e9dsk\u00e9ho&hellip;<\/p>\n","protected":false},"author":1,"featured_media":317,"comment_status":"open","ping_status":"open","sticky":false,"template":"","format":"standard","meta":{"footnotes":""},"categories":[1],"tags":[],"jetpack_sharing_enabled":true,"jetpack_featured_media_url":"http:\/\/pkas.cz\/wp-content\/uploads\/2019\/09\/adameku232019.jpg","_links":{"self":[{"href":"http:\/\/pkas.cz\/index.php?rest_route=\/wp\/v2\/posts\/316"}],"collection":[{"href":"http:\/\/pkas.cz\/index.php?rest_route=\/wp\/v2\/posts"}],"about":[{"href":"http:\/\/pkas.cz\/index.php?rest_route=\/wp\/v2\/types\/post"}],"author":[{"embeddable":true,"href":"http:\/\/pkas.cz\/index.php?rest_route=\/wp\/v2\/users\/1"}],"replies":[{"embeddable":true,"href":"http:\/\/pkas.cz\/index.php?rest_route=%2Fwp%2Fv2%2Fcomments&post=316"}],"version-history":[{"count":2,"href":"http:\/\/pkas.cz\/index.php?rest_route=\/wp\/v2\/posts\/316\/revisions"}],"predecessor-version":[{"id":324,"href":"http:\/\/pkas.cz\/index.php?rest_route=\/wp\/v2\/posts\/316\/revisions\/324"}],"wp:featuredmedia":[{"embeddable":true,"href":"http:\/\/pkas.cz\/index.php?rest_route=\/wp\/v2\/media\/317"}],"wp:attachment":[{"href":"http:\/\/pkas.cz\/index.php?rest_route=%2Fwp%2Fv2%2Fmedia&parent=316"}],"wp:term":[{"taxonomy":"category","embeddable":true,"href":"http:\/\/pkas.cz\/index.php?rest_route=%2Fwp%2Fv2%2Fcategories&post=316"},{"taxonomy":"post_tag","embeddable":true,"href":"http:\/\/pkas.cz\/index.php?rest_route=%2Fwp%2Fv2%2Ftags&post=316"}],"curies":[{"name":"wp","href":"https:\/\/api.w.org\/{rel}","templated":true}]}}