{"id":3158,"date":"2022-09-29T08:02:50","date_gmt":"2022-09-29T06:02:50","guid":{"rendered":"http:\/\/pkas.cz\/?p=3158"},"modified":"2022-09-29T08:03:11","modified_gmt":"2022-09-29T06:03:11","slug":"atletika-klatovy-postoupila-se-svym-zenskym-tymem-opet-do-ii-ligy","status":"publish","type":"post","link":"http:\/\/pkas.cz\/?p=3158","title":{"rendered":"Atletika Klatovy postoupila se sv\u00fdm \u017eensk\u00fdm t\u00fdmem op\u011bt do II. ligy"},"content":{"rendered":"<h1>Atletika Klatovy postoupila se sv\u00fdm \u017eensk\u00fdm t\u00fdmem op\u011bt do II. ligy<\/h1>\n<p><img loading=\"lazy\" decoding=\"async\" class=\"alignnone  wp-image-3160\" src=\"http:\/\/pkas.cz\/wp-content\/uploads\/2022\/09\/zeny-klatovy-300x138.jpg\" alt=\"\" width=\"491\" height=\"226\" srcset=\"http:\/\/pkas.cz\/wp-content\/uploads\/2022\/09\/zeny-klatovy-300x138.jpg 300w, http:\/\/pkas.cz\/wp-content\/uploads\/2022\/09\/zeny-klatovy-1024x473.jpg 1024w, http:\/\/pkas.cz\/wp-content\/uploads\/2022\/09\/zeny-klatovy-768x354.jpg 768w, http:\/\/pkas.cz\/wp-content\/uploads\/2022\/09\/zeny-klatovy-1536x709.jpg 1536w, http:\/\/pkas.cz\/wp-content\/uploads\/2022\/09\/zeny-klatovy-2048x945.jpg 2048w\" sizes=\"(max-width: 491px) 100vw, 491px\" \/><\/p>\n<p>Fotozdroj &#8211; Atletika Klatovy<\/p>\n<p>Ve st\u0159edu 28. z\u00e1\u0159\u00ed se v Chrudimi konala bar\u00e1\u017e o II. ligu mu\u017e\u016f a \u017een. Z na\u0161ich z\u00e1stupc\u016f se da\u0159ilo \u017eensk\u00e9mu t\u00fdmu z Klatov, kter\u00fd dok\u00e1zal celou sout\u011b\u017e vyhr\u00e1t a vrac\u00ed se po ro\u010dn\u00ed odmlce op\u011bt do celost\u00e1tn\u00ed sout\u011b\u017ee &#8211; II. ligy.<\/p>\n<p>T\u00fdm mu\u017e\u016f z plze\u0148sk\u00e9ho Pet\u0159\u00edna tak siln\u00e9 ambice nem\u011bl a se sb\u00edrkou 18 bod\u016f skon\u010dil v bar\u00e1\u017eov\u00e9m kl\u00e1n\u00ed na des\u00e1t\u00e9m m\u00edst\u011b.<\/p>\n<p><a href=\"https:\/\/online.atletika.cz\/vysledky\/52201\/0\/2\">KOMEPLTN\u00cd V\u00ddSLEDKY BAR\u00c1\u017dE<\/a><\/p>\n<p>&nbsp;<\/p>\n","protected":false},"excerpt":{"rendered":"<p>Atletika Klatovy postoupila se sv\u00fdm \u017eensk\u00fdm t\u00fdmem op\u011bt do II. ligy Fotozdroj &#8211; Atletika Klatovy Ve st\u0159edu 28. z\u00e1\u0159\u00ed se v Chrudimi konala bar\u00e1\u017e o&hellip;<\/p>\n","protected":false},"author":2,"featured_media":3160,"comment_status":"closed","ping_status":"closed","sticky":false,"template":"","format":"standard","meta":{"footnotes":""},"categories":[1],"tags":[],"jetpack_sharing_enabled":true,"jetpack_featured_media_url":"http:\/\/pkas.cz\/wp-content\/uploads\/2022\/09\/zeny-klatovy-scaled.jpg","_links":{"self":[{"href":"http:\/\/pkas.cz\/index.php?rest_route=\/wp\/v2\/posts\/3158"}],"collection":[{"href":"http:\/\/pkas.cz\/index.php?rest_route=\/wp\/v2\/posts"}],"about":[{"href":"http:\/\/pkas.cz\/index.php?rest_route=\/wp\/v2\/types\/post"}],"author":[{"embeddable":true,"href":"http:\/\/pkas.cz\/index.php?rest_route=\/wp\/v2\/users\/2"}],"replies":[{"embeddable":true,"href":"http:\/\/pkas.cz\/index.php?rest_route=%2Fwp%2Fv2%2Fcomments&post=3158"}],"version-history":[{"count":4,"href":"http:\/\/pkas.cz\/index.php?rest_route=\/wp\/v2\/posts\/3158\/revisions"}],"predecessor-version":[{"id":3163,"href":"http:\/\/pkas.cz\/index.php?rest_route=\/wp\/v2\/posts\/3158\/revisions\/3163"}],"wp:featuredmedia":[{"embeddable":true,"href":"http:\/\/pkas.cz\/index.php?rest_route=\/wp\/v2\/media\/3160"}],"wp:attachment":[{"href":"http:\/\/pkas.cz\/index.php?rest_route=%2Fwp%2Fv2%2Fmedia&parent=3158"}],"wp:term":[{"taxonomy":"category","embeddable":true,"href":"http:\/\/pkas.cz\/index.php?rest_route=%2Fwp%2Fv2%2Fcategories&post=3158"},{"taxonomy":"post_tag","embeddable":true,"href":"http:\/\/pkas.cz\/index.php?rest_route=%2Fwp%2Fv2%2Ftags&post=3158"}],"curies":[{"name":"wp","href":"https:\/\/api.w.org\/{rel}","templated":true}]}}