{"id":3156,"date":"2022-09-29T08:54:51","date_gmt":"2022-09-29T06:54:51","guid":{"rendered":"http:\/\/pkas.cz\/?p=3156"},"modified":"2022-09-29T08:54:51","modified_gmt":"2022-09-29T06:54:51","slug":"om-pripravek-jednotlivcu","status":"publish","type":"post","link":"http:\/\/pkas.cz\/?p=3156","title":{"rendered":"OM p\u0159\u00edpravek jednotlivc\u016f"},"content":{"rendered":"<h1>OM p\u0159\u00edpravek jednotlivc\u016f<\/h1>\n<p><img loading=\"lazy\" decoding=\"async\" class=\"alignnone size-medium wp-image-3177\" src=\"http:\/\/pkas.cz\/wp-content\/uploads\/2022\/09\/VYHLASENI-PRIPRAVKY-300x199.jpg\" alt=\"\" width=\"300\" height=\"199\" srcset=\"http:\/\/pkas.cz\/wp-content\/uploads\/2022\/09\/VYHLASENI-PRIPRAVKY-300x199.jpg 300w, http:\/\/pkas.cz\/wp-content\/uploads\/2022\/09\/VYHLASENI-PRIPRAVKY-1024x678.jpg 1024w, http:\/\/pkas.cz\/wp-content\/uploads\/2022\/09\/VYHLASENI-PRIPRAVKY-768x509.jpg 768w, http:\/\/pkas.cz\/wp-content\/uploads\/2022\/09\/VYHLASENI-PRIPRAVKY-391x260.jpg 391w, http:\/\/pkas.cz\/wp-content\/uploads\/2022\/09\/VYHLASENI-PRIPRAVKY-1536x1017.jpg 1536w, http:\/\/pkas.cz\/wp-content\/uploads\/2022\/09\/VYHLASENI-PRIPRAVKY.jpg 1779w\" sizes=\"(max-width: 300px) 100vw, 300px\" \/><\/p>\n<p>Nejlep\u0161\u00ed \u0161tafety &#8211; foto Eva Mu\u0161kov\u00e1<\/p>\n<p>Velmi sychrav\u00e9 po\u010das\u00ed doprovodilo leto\u0161n\u00ed oblastn\u00ed mistrovstv\u00ed nejmlad\u0161\u00edch z\u00e1vodn\u00edk\u016f. Kategorie p\u0159\u00edpravek se nenechala odradit a nakonec se na start postavilo 228 z\u00e1vodn\u00edk\u016f, kte\u0159\u00ed se prezentovali v 617 startech. Zklam\u00e1n\u00edm je pouze \u00fa\u010dast odd\u00edl\u016f, kdy se na startu v t\u00e9to nejmlad\u0161\u00ed kategorii p\u0159edstavilo pouze 8 odd\u00edl\u016f z cel\u00e9ho Plze\u0148sk\u00e9ho kraje.<\/p>\n<p>P\u0159in\u00e1\u0161\u00edme <a href=\"https:\/\/online.atletika.cz\/vysledky\/63252\/0\/2\">KOMPLETN\u00cd V\u00ddSLEDKY<\/a><\/p>\n","protected":false},"excerpt":{"rendered":"<p>OM p\u0159\u00edpravek jednotlivc\u016f Nejlep\u0161\u00ed \u0161tafety &#8211; foto Eva Mu\u0161kov\u00e1 Velmi sychrav\u00e9 po\u010das\u00ed doprovodilo leto\u0161n\u00ed oblastn\u00ed mistrovstv\u00ed nejmlad\u0161\u00edch z\u00e1vodn\u00edk\u016f. Kategorie p\u0159\u00edpravek se nenechala odradit a nakonec&hellip;<\/p>\n","protected":false},"author":2,"featured_media":3177,"comment_status":"closed","ping_status":"closed","sticky":false,"template":"","format":"standard","meta":{"footnotes":""},"categories":[1],"tags":[],"jetpack_sharing_enabled":true,"jetpack_featured_media_url":"http:\/\/pkas.cz\/wp-content\/uploads\/2022\/09\/VYHLASENI-PRIPRAVKY.jpg","_links":{"self":[{"href":"http:\/\/pkas.cz\/index.php?rest_route=\/wp\/v2\/posts\/3156"}],"collection":[{"href":"http:\/\/pkas.cz\/index.php?rest_route=\/wp\/v2\/posts"}],"about":[{"href":"http:\/\/pkas.cz\/index.php?rest_route=\/wp\/v2\/types\/post"}],"author":[{"embeddable":true,"href":"http:\/\/pkas.cz\/index.php?rest_route=\/wp\/v2\/users\/2"}],"replies":[{"embeddable":true,"href":"http:\/\/pkas.cz\/index.php?rest_route=%2Fwp%2Fv2%2Fcomments&post=3156"}],"version-history":[{"count":2,"href":"http:\/\/pkas.cz\/index.php?rest_route=\/wp\/v2\/posts\/3156\/revisions"}],"predecessor-version":[{"id":3178,"href":"http:\/\/pkas.cz\/index.php?rest_route=\/wp\/v2\/posts\/3156\/revisions\/3178"}],"wp:featuredmedia":[{"embeddable":true,"href":"http:\/\/pkas.cz\/index.php?rest_route=\/wp\/v2\/media\/3177"}],"wp:attachment":[{"href":"http:\/\/pkas.cz\/index.php?rest_route=%2Fwp%2Fv2%2Fmedia&parent=3156"}],"wp:term":[{"taxonomy":"category","embeddable":true,"href":"http:\/\/pkas.cz\/index.php?rest_route=%2Fwp%2Fv2%2Fcategories&post=3156"},{"taxonomy":"post_tag","embeddable":true,"href":"http:\/\/pkas.cz\/index.php?rest_route=%2Fwp%2Fv2%2Ftags&post=3156"}],"curies":[{"name":"wp","href":"https:\/\/api.w.org\/{rel}","templated":true}]}}