{"id":3146,"date":"2022-09-27T09:31:23","date_gmt":"2022-09-27T07:31:23","guid":{"rendered":"http:\/\/pkas.cz\/?p=3146"},"modified":"2022-09-29T08:09:01","modified_gmt":"2022-09-29T06:09:01","slug":"dve-stribra-z-bechovic","status":"publish","type":"post","link":"http:\/\/pkas.cz\/?p=3146","title":{"rendered":"Dv\u011b st\u0159\u00edbra z B\u011bchovic"},"content":{"rendered":"<h1>Dv\u011b st\u0159\u00edbra z B\u011bchovic<\/h1>\n<p><img loading=\"lazy\" decoding=\"async\" class=\"size-medium wp-image-3164 alignleft\" src=\"http:\/\/pkas.cz\/wp-content\/uploads\/2022\/09\/bechovicehrochova-300x200.jpg\" alt=\"\" width=\"300\" height=\"200\" srcset=\"http:\/\/pkas.cz\/wp-content\/uploads\/2022\/09\/bechovicehrochova-300x200.jpg 300w, http:\/\/pkas.cz\/wp-content\/uploads\/2022\/09\/bechovicehrochova-1024x683.jpg 1024w, http:\/\/pkas.cz\/wp-content\/uploads\/2022\/09\/bechovicehrochova-768x512.jpg 768w, http:\/\/pkas.cz\/wp-content\/uploads\/2022\/09\/bechovicehrochova-391x260.jpg 391w, http:\/\/pkas.cz\/wp-content\/uploads\/2022\/09\/bechovicehrochova-1536x1024.jpg 1536w, http:\/\/pkas.cz\/wp-content\/uploads\/2022\/09\/bechovicehrochova.jpg 2048w\" sizes=\"(max-width: 300px) 100vw, 300px\" \/><\/p>\n<p>&nbsp;<\/p>\n<p>&nbsp;<\/p>\n<p>&nbsp;<\/p>\n<p>&nbsp;<\/p>\n<p>&nbsp;<\/p>\n<p>&nbsp;<\/p>\n<p>Tereza Hrochov\u00e1 &#8211; st\u0159\u00edbrn\u00e1 z B\u011bchovic &#8211; fotozdroj AK \u0160KODA Plze\u0148<\/p>\n<p>V ned\u011bli 25.9. se v konalo M\u010cR v silni\u010dn\u00edm b\u011bhu &#8211; 126. B\u011bchovice. Dv\u011b reprezentantky na\u0161eho regiony vybojovala dv\u011b druh\u00e1 m\u00edsta.<\/p>\n<p><strong>Tereza Hrochov\u00e1 <\/strong>(AK \u0160KODA) si zab\u011bhla v B\u011bchovic\u00edch osobn\u00ed rekord 34:09 a obsadila za suver\u00e9nn\u00ed Moirou Stewartovou st\u0159\u00edbrnou p\u0159\u00ed\u010dku.<\/p>\n<p>V juniorsk\u00e9 kategorii si rovn\u011b\u017e pro druh\u00e9 m\u00edsto dob\u011bhla reprezentantka TJ Su\u0161ice <strong>Eli\u0161ka Hostkov\u00e1<\/strong>, kter\u00e1 se v\u00fdkonem 37:07 dostala na osm\u00e9 m\u00edsto historick\u00fdch tabulek juniorek. Eli\u0161ka m\u011bl zaj\u00edmav\u00fd v\u00edkendov\u00fd dvojboj, kdy\u017e v barv\u00e1ch Slavie Praha dopomohla je\u0161t\u011b juniork\u00e1m na M\u010cR dru\u017estev k bronzov\u00fdm medailov\u00fdm.<\/p>\n<p>Z dal\u0161\u00edch v\u00fdsledk\u016f<\/p>\n<p><strong>Jana Voj\u00e1kov\u00e1<\/strong> (M\u00edla\u0159i Doma\u017elice)\u00fasp\u011b\u0161n\u011b kloub\u00ed sv\u00e9 mate\u0159sk\u00e9 povinnosti se z\u00e1vod\u011bn\u00edm a na B\u011bchovic\u00edch z toho bylo 8. m\u00edsto za 38:29.<\/p>\n<p>Nejlep\u0161\u00ed v dosp\u011bl\u00e9 kategorii\u00a0 z na\u0161ich z\u00e1vodn\u00edk\u016f byl <strong>Luk\u00e1\u0161 Kr\u00fdsl<\/strong> (AC Doma\u017elice), kter\u00fd dob\u011bhl na 16. m\u00edst\u011b.<\/p>\n<p>V juniorech byl na\u0161\u00edm nejlep\u0161\u00edm z\u00e1vodn\u00edkem na 14. m\u00edst\u011b <strong>David \u0160pale<\/strong> (AK \u0160KODA) za 38:18.<\/p>\n<p><a href=\"https:\/\/www.facebook.com\/BechovicePraha\/videos\/655674925952099\/?flite=scwspnss&amp;mibextid=1BnibGME8S4PAYXY\">SEST\u0158IH Z\u00c1VODU<\/a><\/p>\n<p><a href=\"https:\/\/results.onlinesystem.cz\/RacerDetail\/Index?idRacer=1574926&amp;idEvent=2377\">KOMPLETN\u00cd V\u00ddSLEDKY<\/a><\/p>\n","protected":false},"excerpt":{"rendered":"<p>Dv\u011b st\u0159\u00edbra z B\u011bchovic &nbsp; &nbsp; &nbsp; &nbsp; &nbsp; &nbsp; Tereza Hrochov\u00e1 &#8211; st\u0159\u00edbrn\u00e1 z B\u011bchovic &#8211; fotozdroj AK \u0160KODA Plze\u0148 V ned\u011bli 25.9. se&hellip;<\/p>\n","protected":false},"author":2,"featured_media":3164,"comment_status":"closed","ping_status":"closed","sticky":false,"template":"","format":"standard","meta":{"footnotes":""},"categories":[1],"tags":[],"jetpack_sharing_enabled":true,"jetpack_featured_media_url":"http:\/\/pkas.cz\/wp-content\/uploads\/2022\/09\/bechovicehrochova.jpg","_links":{"self":[{"href":"http:\/\/pkas.cz\/index.php?rest_route=\/wp\/v2\/posts\/3146"}],"collection":[{"href":"http:\/\/pkas.cz\/index.php?rest_route=\/wp\/v2\/posts"}],"about":[{"href":"http:\/\/pkas.cz\/index.php?rest_route=\/wp\/v2\/types\/post"}],"author":[{"embeddable":true,"href":"http:\/\/pkas.cz\/index.php?rest_route=\/wp\/v2\/users\/2"}],"replies":[{"embeddable":true,"href":"http:\/\/pkas.cz\/index.php?rest_route=%2Fwp%2Fv2%2Fcomments&post=3146"}],"version-history":[{"count":4,"href":"http:\/\/pkas.cz\/index.php?rest_route=\/wp\/v2\/posts\/3146\/revisions"}],"predecessor-version":[{"id":3167,"href":"http:\/\/pkas.cz\/index.php?rest_route=\/wp\/v2\/posts\/3146\/revisions\/3167"}],"wp:featuredmedia":[{"embeddable":true,"href":"http:\/\/pkas.cz\/index.php?rest_route=\/wp\/v2\/media\/3164"}],"wp:attachment":[{"href":"http:\/\/pkas.cz\/index.php?rest_route=%2Fwp%2Fv2%2Fmedia&parent=3146"}],"wp:term":[{"taxonomy":"category","embeddable":true,"href":"http:\/\/pkas.cz\/index.php?rest_route=%2Fwp%2Fv2%2Fcategories&post=3146"},{"taxonomy":"post_tag","embeddable":true,"href":"http:\/\/pkas.cz\/index.php?rest_route=%2Fwp%2Fv2%2Ftags&post=3146"}],"curies":[{"name":"wp","href":"https:\/\/api.w.org\/{rel}","templated":true}]}}