{"id":3142,"date":"2022-09-26T08:26:56","date_gmt":"2022-09-26T06:26:56","guid":{"rendered":"http:\/\/pkas.cz\/?p=3142"},"modified":"2022-09-26T08:26:56","modified_gmt":"2022-09-26T06:26:56","slug":"dve-nase-reprezentantky-na-viteznem-mezistatnim-utkani-u16","status":"publish","type":"post","link":"http:\/\/pkas.cz\/?p=3142","title":{"rendered":"Dv\u011b na\u0161e reprezentantky na v\u00edt\u011bzn\u00e9m Mezist\u00e1tn\u00edm utk\u00e1n\u00ed U16"},"content":{"rendered":"<h1>Dv\u011b na\u0161e reprezentantky na v\u00edt\u011bzn\u00e9m Mezist\u00e1tn\u00edm utk\u00e1n\u00ed U16<\/h1>\n<p><img loading=\"lazy\" decoding=\"async\" class=\"alignnone size-medium wp-image-3143\" src=\"http:\/\/pkas.cz\/wp-content\/uploads\/2022\/09\/REPRE-u16jpg-300x225.jpg\" alt=\"\" width=\"300\" height=\"225\" srcset=\"http:\/\/pkas.cz\/wp-content\/uploads\/2022\/09\/REPRE-u16jpg-300x225.jpg 300w, http:\/\/pkas.cz\/wp-content\/uploads\/2022\/09\/REPRE-u16jpg.jpg 600w\" sizes=\"(max-width: 300px) 100vw, 300px\" \/><\/p>\n<p>foto atletika.cz<\/p>\n<p><strong>Krist\u00fdna Hozmanov\u00e1<\/strong> a <strong>Andrea Bielikov\u00e1<\/strong> se na z\u00e1klad\u011b v\u00fdkon\u016f na M\u010cR \u017eactva kvalifikovaly do n\u00e1rodn\u00edho t\u00fdm\u016f U16 pro Mezist\u00e1tn\u00ed utk\u00e1n\u00ed \u010cesko &#8211; Slovensko &#8211; Ma\u010farsko &#8211; Slovinsko &#8211; Chorvatsko ve Znojm\u011b.<\/p>\n<p>Krist\u00fdna Hozmanov\u00e1 neztratila nic z republikov\u00e9 formy a dok\u00e1zala vyhr\u00e1t na 300m i toto kl\u00e1n\u00ed p\u011bti zem\u00ed. \u010cas 39,74s. D\u00e1le potom startovala ve sm\u00ed\u0161en\u00e9 \u0161tafet\u011b na 4x300m, kter\u00e9 dopomohla ke druh\u00e9mu m\u00edstu.<\/p>\n<p>Andrea Bielikov\u00e1 si op\u011bt dok\u00e1zala na 1500m p\u0159ek\u00e1\u017eek o n\u011bco vylep\u0161it osobn\u00ed i krajsk\u00fd rekord na 5:20,97 a z\u00e1vod dokon\u010dila na t\u0159et\u00edm m\u00edst\u011b.<\/p>\n<p><a href=\"https:\/\/online.atletika.cz\/vysledky\/52852\/360\">KOMPLETN\u00cd V\u00ddSLEDKY<\/a><\/p>\n<p>&nbsp;<\/p>\n<p>&nbsp;<\/p>\n","protected":false},"excerpt":{"rendered":"<p>Dv\u011b na\u0161e reprezentantky na v\u00edt\u011bzn\u00e9m Mezist\u00e1tn\u00edm utk\u00e1n\u00ed U16 foto atletika.cz Krist\u00fdna Hozmanov\u00e1 a Andrea Bielikov\u00e1 se na z\u00e1klad\u011b v\u00fdkon\u016f na M\u010cR \u017eactva kvalifikovaly do n\u00e1rodn\u00edho&hellip;<\/p>\n","protected":false},"author":2,"featured_media":3143,"comment_status":"closed","ping_status":"closed","sticky":false,"template":"","format":"standard","meta":{"footnotes":""},"categories":[1],"tags":[],"jetpack_sharing_enabled":true,"jetpack_featured_media_url":"http:\/\/pkas.cz\/wp-content\/uploads\/2022\/09\/REPRE-u16jpg.jpg","_links":{"self":[{"href":"http:\/\/pkas.cz\/index.php?rest_route=\/wp\/v2\/posts\/3142"}],"collection":[{"href":"http:\/\/pkas.cz\/index.php?rest_route=\/wp\/v2\/posts"}],"about":[{"href":"http:\/\/pkas.cz\/index.php?rest_route=\/wp\/v2\/types\/post"}],"author":[{"embeddable":true,"href":"http:\/\/pkas.cz\/index.php?rest_route=\/wp\/v2\/users\/2"}],"replies":[{"embeddable":true,"href":"http:\/\/pkas.cz\/index.php?rest_route=%2Fwp%2Fv2%2Fcomments&post=3142"}],"version-history":[{"count":1,"href":"http:\/\/pkas.cz\/index.php?rest_route=\/wp\/v2\/posts\/3142\/revisions"}],"predecessor-version":[{"id":3145,"href":"http:\/\/pkas.cz\/index.php?rest_route=\/wp\/v2\/posts\/3142\/revisions\/3145"}],"wp:featuredmedia":[{"embeddable":true,"href":"http:\/\/pkas.cz\/index.php?rest_route=\/wp\/v2\/media\/3143"}],"wp:attachment":[{"href":"http:\/\/pkas.cz\/index.php?rest_route=%2Fwp%2Fv2%2Fmedia&parent=3142"}],"wp:term":[{"taxonomy":"category","embeddable":true,"href":"http:\/\/pkas.cz\/index.php?rest_route=%2Fwp%2Fv2%2Fcategories&post=3142"},{"taxonomy":"post_tag","embeddable":true,"href":"http:\/\/pkas.cz\/index.php?rest_route=%2Fwp%2Fv2%2Ftags&post=3142"}],"curies":[{"name":"wp","href":"https:\/\/api.w.org\/{rel}","templated":true}]}}