{"id":3139,"date":"2022-09-26T08:13:51","date_gmt":"2022-09-26T06:13:51","guid":{"rendered":"http:\/\/pkas.cz\/?p=3139"},"modified":"2022-09-26T08:13:51","modified_gmt":"2022-09-26T06:13:51","slug":"ak-skoda-plzen-dorostenecti-mistri-druzstev","status":"publish","type":"post","link":"http:\/\/pkas.cz\/?p=3139","title":{"rendered":"AK \u0160KODA Plze\u0148 &#8211; dorostene\u010dt\u00ed mist\u0159i dru\u017estev"},"content":{"rendered":"<h1>AK \u0160KODA Plze\u0148 &#8211; dorostene\u010dt\u00ed mist\u0159i dru\u017estev<\/h1>\n<p><img loading=\"lazy\" decoding=\"async\" class=\"alignnone size-medium wp-image-3140\" src=\"http:\/\/pkas.cz\/wp-content\/uploads\/2022\/09\/skodaplzenmistridorost-300x225.jpg\" alt=\"\" width=\"300\" height=\"225\" srcset=\"http:\/\/pkas.cz\/wp-content\/uploads\/2022\/09\/skodaplzenmistridorost-300x225.jpg 300w, http:\/\/pkas.cz\/wp-content\/uploads\/2022\/09\/skodaplzenmistridorost-1024x768.jpg 1024w, http:\/\/pkas.cz\/wp-content\/uploads\/2022\/09\/skodaplzenmistridorost-768x576.jpg 768w, http:\/\/pkas.cz\/wp-content\/uploads\/2022\/09\/skodaplzenmistridorost-1536x1152.jpg 1536w, http:\/\/pkas.cz\/wp-content\/uploads\/2022\/09\/skodaplzenmistridorost.jpg 2048w\" sizes=\"(max-width: 300px) 100vw, 300px\" \/><\/p>\n<p>Fotozdroj AK \u0160KODA Plze\u0148<\/p>\n<p>Na skv\u011bl\u00fd \u00fasp\u011bch dos\u00e1hly t\u00fdmy AK \u0160KODA Plze\u0148 v dorosteneck\u00e9 kategorii p\u0159i fin\u00e1le dru\u017estev. Na dom\u00e1c\u00edm fin\u00e1lov\u00e9m kl\u00e1n\u00ed vystoupala ob\u011b dru\u017estva na nejvy\u0161\u0161\u00ed stup\u00ednek a slav\u00ed po juniorsk\u00fdch kategori\u00edch tak\u00e9 zlat\u00e9 medaile v dorosteneck\u00fdch sout\u011b\u017e\u00edch.<\/p>\n<p><a href=\"https:\/\/online.atletika.cz\/vysledky\/52846\">KOMPLETN\u00cd V\u00ddSLEDKY<\/a><\/p>\n<p>Ve fin\u00e1le se objevil tak\u00e9 \u0161kodov\u00e1ck\u00fd t\u00fdm juniorek, kter\u00fd v Mlad\u00e9 Boleslavi obsadil 8. m\u00edsto.<\/p>\n<p><a href=\"https:\/\/online.atletika.cz\/vysledky\/52845\/0\/5\">KOMPLETN\u00cd V\u00ddSLEDKY<\/a><\/p>\n<p>&nbsp;<\/p>\n","protected":false},"excerpt":{"rendered":"<p>AK \u0160KODA Plze\u0148 &#8211; dorostene\u010dt\u00ed mist\u0159i dru\u017estev Fotozdroj AK \u0160KODA Plze\u0148 Na skv\u011bl\u00fd \u00fasp\u011bch dos\u00e1hly t\u00fdmy AK \u0160KODA Plze\u0148 v dorosteneck\u00e9 kategorii p\u0159i fin\u00e1le dru\u017estev.&hellip;<\/p>\n","protected":false},"author":2,"featured_media":3140,"comment_status":"closed","ping_status":"closed","sticky":false,"template":"","format":"standard","meta":{"footnotes":""},"categories":[1],"tags":[],"jetpack_sharing_enabled":true,"jetpack_featured_media_url":"http:\/\/pkas.cz\/wp-content\/uploads\/2022\/09\/skodaplzenmistridorost.jpg","_links":{"self":[{"href":"http:\/\/pkas.cz\/index.php?rest_route=\/wp\/v2\/posts\/3139"}],"collection":[{"href":"http:\/\/pkas.cz\/index.php?rest_route=\/wp\/v2\/posts"}],"about":[{"href":"http:\/\/pkas.cz\/index.php?rest_route=\/wp\/v2\/types\/post"}],"author":[{"embeddable":true,"href":"http:\/\/pkas.cz\/index.php?rest_route=\/wp\/v2\/users\/2"}],"replies":[{"embeddable":true,"href":"http:\/\/pkas.cz\/index.php?rest_route=%2Fwp%2Fv2%2Fcomments&post=3139"}],"version-history":[{"count":1,"href":"http:\/\/pkas.cz\/index.php?rest_route=\/wp\/v2\/posts\/3139\/revisions"}],"predecessor-version":[{"id":3141,"href":"http:\/\/pkas.cz\/index.php?rest_route=\/wp\/v2\/posts\/3139\/revisions\/3141"}],"wp:featuredmedia":[{"embeddable":true,"href":"http:\/\/pkas.cz\/index.php?rest_route=\/wp\/v2\/media\/3140"}],"wp:attachment":[{"href":"http:\/\/pkas.cz\/index.php?rest_route=%2Fwp%2Fv2%2Fmedia&parent=3139"}],"wp:term":[{"taxonomy":"category","embeddable":true,"href":"http:\/\/pkas.cz\/index.php?rest_route=%2Fwp%2Fv2%2Fcategories&post=3139"},{"taxonomy":"post_tag","embeddable":true,"href":"http:\/\/pkas.cz\/index.php?rest_route=%2Fwp%2Fv2%2Ftags&post=3139"}],"curies":[{"name":"wp","href":"https:\/\/api.w.org\/{rel}","templated":true}]}}