{"id":3131,"date":"2022-09-20T09:43:45","date_gmt":"2022-09-20T07:43:45","guid":{"rendered":"http:\/\/pkas.cz\/?p=3131"},"modified":"2022-09-20T09:43:45","modified_gmt":"2022-09-20T07:43:45","slug":"mcr-zactva-dve-medaile-kristyny-zahorove-zlato-pro-kristynu-hozmanovou","status":"publish","type":"post","link":"http:\/\/pkas.cz\/?p=3131","title":{"rendered":"M\u010cR \u017eactva &#8211; Dv\u011b medaile Krist\u00fdny Z\u00e1ho\u0159ov\u00e9, zlato pro Krist\u00fdnu Hozmanovou"},"content":{"rendered":"<h1>M\u010cR \u017eactva &#8211; Dv\u011b medaile Krist\u00fdny Z\u00e1ho\u0159ov\u00e9, zlato pro Krist\u00fdnu Hozmanovou<\/h1>\n<h1><\/h1>\n<h1><img loading=\"lazy\" decoding=\"async\" class=\"alignnone  wp-image-3136\" src=\"http:\/\/pkas.cz\/wp-content\/uploads\/2022\/09\/hozmannova-300x225.jpg\" alt=\"\" width=\"397\" height=\"298\" srcset=\"http:\/\/pkas.cz\/wp-content\/uploads\/2022\/09\/hozmannova-300x225.jpg 300w, http:\/\/pkas.cz\/wp-content\/uploads\/2022\/09\/hozmannova-1024x768.jpg 1024w, http:\/\/pkas.cz\/wp-content\/uploads\/2022\/09\/hozmannova-768x576.jpg 768w, http:\/\/pkas.cz\/wp-content\/uploads\/2022\/09\/hozmannova-1536x1152.jpg 1536w, http:\/\/pkas.cz\/wp-content\/uploads\/2022\/09\/hozmannova.jpg 1672w\" sizes=\"(max-width: 397px) 100vw, 397px\" \/><img loading=\"lazy\" decoding=\"async\" class=\"alignnone size-medium wp-image-3132\" src=\"http:\/\/pkas.cz\/wp-content\/uploads\/2022\/09\/zahorova-2-225x300.jpg\" alt=\"\" width=\"225\" height=\"300\" srcset=\"http:\/\/pkas.cz\/wp-content\/uploads\/2022\/09\/zahorova-2-225x300.jpg 225w, http:\/\/pkas.cz\/wp-content\/uploads\/2022\/09\/zahorova-2-768x1024.jpg 768w, http:\/\/pkas.cz\/wp-content\/uploads\/2022\/09\/zahorova-2-1152x1536.jpg 1152w, http:\/\/pkas.cz\/wp-content\/uploads\/2022\/09\/zahorova-2.jpg 1536w\" sizes=\"(max-width: 225px) 100vw, 225px\" \/><img loading=\"lazy\" decoding=\"async\" class=\"alignnone size-medium wp-image-3133\" src=\"http:\/\/pkas.cz\/wp-content\/uploads\/2022\/09\/bielikova-stribro-300x300.jpg\" alt=\"\" width=\"300\" height=\"300\" srcset=\"http:\/\/pkas.cz\/wp-content\/uploads\/2022\/09\/bielikova-stribro-300x300.jpg 300w, http:\/\/pkas.cz\/wp-content\/uploads\/2022\/09\/bielikova-stribro-1024x1024.jpg 1024w, http:\/\/pkas.cz\/wp-content\/uploads\/2022\/09\/bielikova-stribro-150x150.jpg 150w, http:\/\/pkas.cz\/wp-content\/uploads\/2022\/09\/bielikova-stribro-768x768.jpg 768w, http:\/\/pkas.cz\/wp-content\/uploads\/2022\/09\/bielikova-stribro.jpg 1440w\" sizes=\"(max-width: 300px) 100vw, 300px\" \/><img loading=\"lazy\" decoding=\"async\" class=\"alignnone size-medium wp-image-3134\" src=\"http:\/\/pkas.cz\/wp-content\/uploads\/2022\/09\/zahorova2022jpg-225x300.jpg\" alt=\"\" width=\"225\" height=\"300\" srcset=\"http:\/\/pkas.cz\/wp-content\/uploads\/2022\/09\/zahorova2022jpg-225x300.jpg 225w, http:\/\/pkas.cz\/wp-content\/uploads\/2022\/09\/zahorova2022jpg-768x1024.jpg 768w, http:\/\/pkas.cz\/wp-content\/uploads\/2022\/09\/zahorova2022jpg-1152x1536.jpg 1152w, http:\/\/pkas.cz\/wp-content\/uploads\/2022\/09\/zahorova2022jpg.jpg 1536w\" sizes=\"(max-width: 225px) 100vw, 225px\" \/><\/h1>\n<p>Fotogalerie Luk\u00e1\u0161 Be\u0161ta, Veronika Matulkov\u00e1 a facebook AK \u0160KODA Plze\u0148<\/p>\n<p>\u010cty\u0159i medaile si vezou z republikov\u00e9ho \u0161ampion\u00e1tu \u017eactva na\u0161e atletky. Jablonec nad Nisou op\u011bt uk\u00e1zal svoji sverskou tv\u00e1\u0159, a tak z\u00e1vodnice p\u0159iv\u00edtalo chladn\u00e9 a velice prom\u011bnliv\u00e9 po\u010das\u00ed. P\u0159esto i s t\u011bmito neduhy se velice dob\u0159e vyrovnaly na\u0161e z\u00e1vodnice a mohly b\u00fdt po z\u00e1sluze odm\u011bn\u011bny:<\/p>\n<p>ZLATO a velmi t\u011bsn\u00e9 ST\u0158\u00cdBRO si odv\u00e1\u017e\u00ed z\u00a0 jabloneck\u00e9ho ov\u00e1lu <strong>Krist\u00fdna Z\u00e1ho\u0159ov\u00e1 (TJ Ban\u00edk St\u0159\u00edbro). <\/strong>V sobotn\u00edm z\u00e1vod\u011b na 60m nakonec o jej\u00ed pozici na druh\u00e9m m\u00edst\u011b rozhodovala c\u00edlov\u00e1 kamera a pouh\u00e9 4 tis\u00edciny sekundy ji p\u0159ipravily o titul. \u010cas ve fin\u00e1le se zastavil na 7,79s.\u00a0 V ned\u011bli ji\u017e na 150m nenechala nikoho na pochyb\u00e1ch a v\u00fdkonem 18,47s z\u00edskala s n\u00e1skokem dvou desetin zlato.<\/p>\n<p>V ned\u011bli se da\u0159ilo ve fin\u00e1le na 300m i <strong>Krist\u00fdn\u011b Hozmanov\u00e9<\/strong> <strong>(ATLETIKA Klatovy)<\/strong>. Ze sobotn\u00edch rozb\u011bh\u016f postoupila na druh\u00e9m m\u00edst\u011b, ale fin\u00e1lov\u00fd b\u011bh ji\u017e zcela ovl\u00e1dla, kdy\u017e jako jedin\u00e1 z\u00e1vodnice dok\u00e1zala stla\u010dit sv\u016fj \u010das pod 40 s &#8211; 39, 67s. Tento \u010das je rovn\u011b\u017e nov\u00fdm krajsk\u00fdm rekordem a z\u00e1rove\u0148 nejlep\u0161\u00edm leto\u0161n\u00edm \u010dasem \u017e\u00e1ky\u0148 na 300m.<\/p>\n<p>Jedin\u00e1 medaile pro \u0160kodovku se zrodila na 1500m p\u0159., kdy <strong>Andrea Bielikov\u00e1 <\/strong>rovn\u011b\u017e v nov\u00e9m krajsk\u00e9m rekordu 5:22,15 nesta\u010dila pouze na jednu soupe\u0159ku a z Jablonce si odv\u00e1\u017e\u00ed st\u0159\u00edbrnou medaili.<\/p>\n<p>&nbsp;<\/p>\n<p>Krist\u00fdna Z\u00e1ho\u0159ov\u00e1 je v\u011bkem st\u00e1le je\u0161t\u011b mlad\u0161\u00ed \u017e\u00e1kyn\u011b a tak nem\u016f\u017ee b\u00fdt nominov\u00e1na do reprezentace U16. Jej\u00ed medailov\u00e9 kolegyn\u011b Krist\u00fdna Hozmanov\u00e1 a Andrea Bielikov\u00e1 ji\u017e tuto \u0161anci maj\u00ed, a tak se ob\u011b pod\u00edvaj\u00ed 24. z\u00e1\u0159\u00ed do Znojma, kam jsou nominovan\u00e9 ve sv\u00fdch discipl\u00edn\u00e1ch na Mezist\u00e1tn\u00ed utk\u00e1n\u00ed &#8211; \u010cR &#8211; Chorvatsko &#8211; Ma\u010farsko &#8211; Slovensko &#8211; Slovinsko.<\/p>\n<p>&nbsp;<\/p>\n<p>V kategori\u00edch \u017eactva je na \u0161ampion\u00e1tu skute\u010dn\u011b obrovsk\u00e1 konkurence, a tak se pod\u00edvejme na dal\u0161\u00ed z\u00e1vodn\u00edky, kter\u00fdm se poda\u0159ilo prolomit prvn\u00ed osmi\u010dku:<\/p>\n<p>4. Lucie Pernicov\u00e1 (AK \u017delezn\u00e1 Ruda) &#8211; 3000m &#8211; 11:09,01<\/p>\n<p>6. \u0160t\u011bp\u00e1nka Pe\u0161kov\u00e1 (AK \u0160KODA Plze\u0148) &#8211; 150m &#8211; 19,27s<\/p>\n<p>7. Jind\u0159i\u0161ka Langov\u00e1 (Aktiv Sport Hor\u0161ovsk\u00fd T\u00fdn) &#8211; disk &#8211; 34,46m<\/p>\n<p>8. Ond\u0159ej \u0160piroch (TJ Ban\u00edk St\u0159\u00edbro) &#8211; 3000m &#8211; 9:50,94<\/p>\n<p>&nbsp;<\/p>\n<p><a href=\"https:\/\/online.atletika.cz\/vysledky\/48383\/50\">KOMPLETN\u00cd V\u00ddSLEDKY<\/a><\/p>\n<p>&nbsp;<\/p>\n<h6><\/h6>\n","protected":false},"excerpt":{"rendered":"<p>M\u010cR \u017eactva &#8211; Dv\u011b medaile Krist\u00fdny Z\u00e1ho\u0159ov\u00e9, zlato pro Krist\u00fdnu Hozmanovou Fotogalerie Luk\u00e1\u0161 Be\u0161ta, Veronika Matulkov\u00e1 a facebook AK \u0160KODA Plze\u0148 \u010cty\u0159i medaile si vezou&hellip;<\/p>\n","protected":false},"author":2,"featured_media":3134,"comment_status":"closed","ping_status":"closed","sticky":false,"template":"","format":"standard","meta":{"footnotes":""},"categories":[1],"tags":[],"jetpack_sharing_enabled":true,"jetpack_featured_media_url":"http:\/\/pkas.cz\/wp-content\/uploads\/2022\/09\/zahorova2022jpg.jpg","_links":{"self":[{"href":"http:\/\/pkas.cz\/index.php?rest_route=\/wp\/v2\/posts\/3131"}],"collection":[{"href":"http:\/\/pkas.cz\/index.php?rest_route=\/wp\/v2\/posts"}],"about":[{"href":"http:\/\/pkas.cz\/index.php?rest_route=\/wp\/v2\/types\/post"}],"author":[{"embeddable":true,"href":"http:\/\/pkas.cz\/index.php?rest_route=\/wp\/v2\/users\/2"}],"replies":[{"embeddable":true,"href":"http:\/\/pkas.cz\/index.php?rest_route=%2Fwp%2Fv2%2Fcomments&post=3131"}],"version-history":[{"count":1,"href":"http:\/\/pkas.cz\/index.php?rest_route=\/wp\/v2\/posts\/3131\/revisions"}],"predecessor-version":[{"id":3137,"href":"http:\/\/pkas.cz\/index.php?rest_route=\/wp\/v2\/posts\/3131\/revisions\/3137"}],"wp:featuredmedia":[{"embeddable":true,"href":"http:\/\/pkas.cz\/index.php?rest_route=\/wp\/v2\/media\/3134"}],"wp:attachment":[{"href":"http:\/\/pkas.cz\/index.php?rest_route=%2Fwp%2Fv2%2Fmedia&parent=3131"}],"wp:term":[{"taxonomy":"category","embeddable":true,"href":"http:\/\/pkas.cz\/index.php?rest_route=%2Fwp%2Fv2%2Fcategories&post=3131"},{"taxonomy":"post_tag","embeddable":true,"href":"http:\/\/pkas.cz\/index.php?rest_route=%2Fwp%2Fv2%2Ftags&post=3131"}],"curies":[{"name":"wp","href":"https:\/\/api.w.org\/{rel}","templated":true}]}}