{"id":313,"date":"2019-09-01T11:01:51","date_gmt":"2019-09-01T09:01:51","guid":{"rendered":"http:\/\/pkas.cz\/?p=313"},"modified":"2019-09-01T11:01:53","modified_gmt":"2019-09-01T09:01:53","slug":"univerziada-v-podani-13-terezy-hrochove-a-16-anny-krizkove","status":"publish","type":"post","link":"http:\/\/pkas.cz\/?p=313","title":{"rendered":"Univerzi\u00e1da v pod\u00e1n\u00ed 13. Terezy Hrochov\u00e9 a 16. Anny K\u0159\u00ed\u017ekov\u00e9"},"content":{"rendered":"\n<h1 class=\"wp-block-heading\" style=\"text-align:center\"> Univerzi\u00e1da v pod\u00e1n\u00ed 13. Terezy Hrochov\u00e9 a 16. Anny K\u0159\u00ed\u017ekov\u00e9<\/h1>\n\n\n\n<figure class=\"wp-block-image\"><img loading=\"lazy\" decoding=\"async\" width=\"925\" height=\"960\" src=\"http:\/\/pkas.cz\/wp-content\/uploads\/2019\/09\/hrochovauniverziada2019.jpg\" alt=\"hrochovauniverziada2019\" class=\"wp-image-314\" srcset=\"http:\/\/pkas.cz\/wp-content\/uploads\/2019\/09\/hrochovauniverziada2019.jpg 925w, http:\/\/pkas.cz\/wp-content\/uploads\/2019\/09\/hrochovauniverziada2019-289x300.jpg 289w, http:\/\/pkas.cz\/wp-content\/uploads\/2019\/09\/hrochovauniverziada2019-768x797.jpg 768w\" sizes=\"(max-width: 925px) 100vw, 925px\" \/><figcaption>Tereza Hrochov\u00e1 ze \u0160kody Plze\u0148<\/figcaption><\/figure>\n\n\n\n<p><em>zdroj foto AK \u0160KODA Plze\u0148, facebook<\/em><\/p>\n\n\n\n<p>Italsk\u00e1 Neapol hostila v prvn\u00ed polovin\u011b \u010dervence Sv\u011btovou univerzi\u00e1du. V nominaci byly i dv\u011b pro z\u00e1vodnice \u0160kody Plze\u0148 Terezu Hrochovou a Annu K\u0159\u00ed\u017ekovou.\u00a0<strong>TEREZA HROCHOV\u00c1<\/strong>\u00a0se b\u011bhem t\u00fddne p\u0159edstavila na dal\u0161\u00ed reprezenta\u010dn\u00ed akci. Tentokr\u00e1t z toho bylo skv\u00e9l\u00e9 13. m\u00edsto a \u010das 1:19:20.<br><strong>ANNA K\u0158\u00cd\u017dKOV\u00c1<\/strong>\u00a0se do fin\u00e1le neprobojovala. S v\u00fdkonem 605 cm skon\u010dila celkov\u011b 16.\u00a0<br>V\u00ddSLEDKY z Univerzi\u00e1dy v Neapoli\u00a0<a href=\"https:\/\/online.atletika.cz\/upload\/neapol%208-13.7.2019.pdf\">ZDE<\/a><\/p>\n","protected":false},"excerpt":{"rendered":"<p>Univerzi\u00e1da v pod\u00e1n\u00ed 13. Terezy Hrochov\u00e9 a 16. Anny K\u0159\u00ed\u017ekov\u00e9 zdroj foto AK \u0160KODA Plze\u0148, facebook Italsk\u00e1 Neapol hostila v prvn\u00ed polovin\u011b \u010dervence Sv\u011btovou univerzi\u00e1du.&hellip;<\/p>\n","protected":false},"author":1,"featured_media":314,"comment_status":"open","ping_status":"open","sticky":false,"template":"","format":"standard","meta":{"footnotes":""},"categories":[1],"tags":[],"jetpack_sharing_enabled":true,"jetpack_featured_media_url":"http:\/\/pkas.cz\/wp-content\/uploads\/2019\/09\/hrochovauniverziada2019.jpg","_links":{"self":[{"href":"http:\/\/pkas.cz\/index.php?rest_route=\/wp\/v2\/posts\/313"}],"collection":[{"href":"http:\/\/pkas.cz\/index.php?rest_route=\/wp\/v2\/posts"}],"about":[{"href":"http:\/\/pkas.cz\/index.php?rest_route=\/wp\/v2\/types\/post"}],"author":[{"embeddable":true,"href":"http:\/\/pkas.cz\/index.php?rest_route=\/wp\/v2\/users\/1"}],"replies":[{"embeddable":true,"href":"http:\/\/pkas.cz\/index.php?rest_route=%2Fwp%2Fv2%2Fcomments&post=313"}],"version-history":[{"count":1,"href":"http:\/\/pkas.cz\/index.php?rest_route=\/wp\/v2\/posts\/313\/revisions"}],"predecessor-version":[{"id":315,"href":"http:\/\/pkas.cz\/index.php?rest_route=\/wp\/v2\/posts\/313\/revisions\/315"}],"wp:featuredmedia":[{"embeddable":true,"href":"http:\/\/pkas.cz\/index.php?rest_route=\/wp\/v2\/media\/314"}],"wp:attachment":[{"href":"http:\/\/pkas.cz\/index.php?rest_route=%2Fwp%2Fv2%2Fmedia&parent=313"}],"wp:term":[{"taxonomy":"category","embeddable":true,"href":"http:\/\/pkas.cz\/index.php?rest_route=%2Fwp%2Fv2%2Fcategories&post=313"},{"taxonomy":"post_tag","embeddable":true,"href":"http:\/\/pkas.cz\/index.php?rest_route=%2Fwp%2Fv2%2Ftags&post=313"}],"curies":[{"name":"wp","href":"https:\/\/api.w.org\/{rel}","templated":true}]}}