{"id":3123,"date":"2022-09-19T09:14:33","date_gmt":"2022-09-19T07:14:33","guid":{"rendered":"http:\/\/pkas.cz\/?p=3123"},"modified":"2022-09-19T09:55:40","modified_gmt":"2022-09-19T07:55:40","slug":"atleticke-mitinky-na-domazlicku","status":"publish","type":"post","link":"http:\/\/pkas.cz\/?p=3123","title":{"rendered":"Atletick\u00e9 m\u00edtinky na Doma\u017elicku"},"content":{"rendered":"<h1>Atletick\u00e9 m\u00edtinky na Doma\u017elicku<\/h1>\n<p><img loading=\"lazy\" decoding=\"async\" class=\"alignnone size-medium wp-image-3125\" src=\"http:\/\/pkas.cz\/wp-content\/uploads\/2022\/09\/kitagucinachodsku-300x157.jpg\" alt=\"\" width=\"300\" height=\"157\" srcset=\"http:\/\/pkas.cz\/wp-content\/uploads\/2022\/09\/kitagucinachodsku-300x157.jpg 300w, http:\/\/pkas.cz\/wp-content\/uploads\/2022\/09\/kitagucinachodsku.jpg 526w\" sizes=\"(max-width: 300px) 100vw, 300px\" \/><\/p>\n<p>Fotozdroj facebook M\u00edla\u0159i Doma\u017elice<\/p>\n<p>Hned dva atletick\u00e9 m\u00edtinky prob\u011bhly b\u011bhem uplynul\u00e9ho t\u00fddne na Doma\u017elicku.<\/p>\n<p>M\u00edla\u0159i Doma\u017elice uspo\u0159\u00e1dali ji\u017e 15. ro\u010dn\u00edk Hv\u011bzdn\u00e9ho h\u00e1zen\u00ed tentokr\u00e1t i s medailistkou z mistrovstv\u00ed sv\u011bta <strong>Harukou Kitaguchi<\/strong><\/p>\n<p><a href=\"https:\/\/online.atletika.cz\/vysledky\/65293\/1050\">V\u00ddSLEDKY\u00a0<\/a><\/p>\n<p>TJ Start B\u011bl\u00e1 ve spolupr\u00e1ci s AC Doma\u017elice uspo\u0159\u00e1dal v p\u0159edve\u010der m\u00edstn\u00ed pouti 17. ro\u010dn\u00edk B\u011blsk\u00e9 m\u00edle, kter\u00e1 je krom\u011b tradi\u010dn\u00edch discipl\u00edn popul\u00e1rn\u00ed d\u00edky desetiminutovce dvojic.<\/p>\n<p>P\u0159in\u00e1\u0161\u00edme kompletn\u00ed <a href=\"http:\/\/pkas.cz\/wp-content\/uploads\/2022\/09\/Belska_mile_2022_Vysledky-komplet.pdf\">V\u00ddSLEDKY<\/a><\/p>\n","protected":false},"excerpt":{"rendered":"<p>Atletick\u00e9 m\u00edtinky na Doma\u017elicku Fotozdroj facebook M\u00edla\u0159i Doma\u017elice Hned dva atletick\u00e9 m\u00edtinky prob\u011bhly b\u011bhem uplynul\u00e9ho t\u00fddne na Doma\u017elicku. M\u00edla\u0159i Doma\u017elice uspo\u0159\u00e1dali ji\u017e 15. ro\u010dn\u00edk Hv\u011bzdn\u00e9ho&hellip;<\/p>\n","protected":false},"author":2,"featured_media":3125,"comment_status":"closed","ping_status":"closed","sticky":false,"template":"","format":"standard","meta":{"footnotes":""},"categories":[1],"tags":[],"jetpack_sharing_enabled":true,"jetpack_featured_media_url":"http:\/\/pkas.cz\/wp-content\/uploads\/2022\/09\/kitagucinachodsku.jpg","_links":{"self":[{"href":"http:\/\/pkas.cz\/index.php?rest_route=\/wp\/v2\/posts\/3123"}],"collection":[{"href":"http:\/\/pkas.cz\/index.php?rest_route=\/wp\/v2\/posts"}],"about":[{"href":"http:\/\/pkas.cz\/index.php?rest_route=\/wp\/v2\/types\/post"}],"author":[{"embeddable":true,"href":"http:\/\/pkas.cz\/index.php?rest_route=\/wp\/v2\/users\/2"}],"replies":[{"embeddable":true,"href":"http:\/\/pkas.cz\/index.php?rest_route=%2Fwp%2Fv2%2Fcomments&post=3123"}],"version-history":[{"count":3,"href":"http:\/\/pkas.cz\/index.php?rest_route=\/wp\/v2\/posts\/3123\/revisions"}],"predecessor-version":[{"id":3128,"href":"http:\/\/pkas.cz\/index.php?rest_route=\/wp\/v2\/posts\/3123\/revisions\/3128"}],"wp:featuredmedia":[{"embeddable":true,"href":"http:\/\/pkas.cz\/index.php?rest_route=\/wp\/v2\/media\/3125"}],"wp:attachment":[{"href":"http:\/\/pkas.cz\/index.php?rest_route=%2Fwp%2Fv2%2Fmedia&parent=3123"}],"wp:term":[{"taxonomy":"category","embeddable":true,"href":"http:\/\/pkas.cz\/index.php?rest_route=%2Fwp%2Fv2%2Fcategories&post=3123"},{"taxonomy":"post_tag","embeddable":true,"href":"http:\/\/pkas.cz\/index.php?rest_route=%2Fwp%2Fv2%2Ftags&post=3123"}],"curies":[{"name":"wp","href":"https:\/\/api.w.org\/{rel}","templated":true}]}}