{"id":3117,"date":"2022-09-19T09:13:35","date_gmt":"2022-09-19T07:13:35","guid":{"rendered":"http:\/\/pkas.cz\/?p=3117"},"modified":"2022-09-20T08:51:26","modified_gmt":"2022-09-20T06:51:26","slug":"skoleni-treneru-tap-a-tz","status":"publish","type":"post","link":"http:\/\/pkas.cz\/?p=3117","title":{"rendered":"\u0160kolen\u00ed tren\u00e9r\u016f TAP A T\u017d"},"content":{"rendered":"<h1>\u0160kolen\u00ed tren\u00e9r\u016f TAP A T\u017d<\/h1>\n<figure id=\"attachment_717\" aria-describedby=\"caption-attachment-717\" style=\"width: 300px\" class=\"wp-caption alignnone\"><img loading=\"lazy\" decoding=\"async\" class=\"size-medium wp-image-717\" src=\"http:\/\/pkas.cz\/wp-content\/uploads\/2020\/01\/PKAS_logo-pr\u016fhledn\u00fd-300x181.png\" alt=\"logo_new\" width=\"300\" height=\"181\" srcset=\"http:\/\/pkas.cz\/wp-content\/uploads\/2020\/01\/PKAS_logo-pr\u016fhledn\u00fd-300x181.png 300w, http:\/\/pkas.cz\/wp-content\/uploads\/2020\/01\/PKAS_logo-pr\u016fhledn\u00fd.png 533w\" sizes=\"(max-width: 300px) 100vw, 300px\" \/><figcaption id=\"caption-attachment-717\" class=\"wp-caption-text\">Nov\u00e9 logo PKAS<\/figcaption><\/figure>\n<div><b>NAB\u00cdDKA PLZE\u0147:<\/b><\/div>\n<div><\/div>\n<div><b>\u0160kolen\u00ed T\u017d<\/b>, Plze\u0148, 11. &#8211; 13. 11. 2022<\/div>\n<div>P\u0159ihl\u00e1\u0161ka:\u00a0<a id=\"-wm-__wm_link0\" title=\"https:\/\/registr.atletika.cz\/TrainingRegistration\/Registration\/373\" href=\"https:\/\/registr.atletika.cz\/TrainingRegistration\/Registration\/373\" target=\"_blank\" rel=\"noopener\">https:\/\/registr.atletika.cz\/TrainingRegistration\/Registration\/373<\/a><\/div>\n<div><\/div>\n<div><b>\u0160kolen\u00ed TAP<\/b>, Plze\u0148, 27. 11. 2022<\/div>\n<div><a href=\"https:\/\/registr.atletika.cz\/TrainingRegistration\/Registration\/376\">P\u0159ihl\u00e1\u0161ka:\u00a0https:\/\/registr.atletika.cz\/TrainingRegistration\/Registration\/376<\/a><\/div>\n<div><\/div>\n<div>\u0160kolen\u00ed rozhod\u010d\u00edch, do\u0161kolen\u00ed rozhod\u010d\u00edch: jaro 2023, Plze\u0148<\/div>\n<div><\/div>\n<div><\/div>\n<div><b><span style=\"font-size: small;\">NAB\u00cdDKA PRAHA FTVS:\u00a0<\/span><\/b><\/div>\n<div><\/div>\n<div><b>Do\u0161kolovac\u00ed semin\u00e1\u0159<\/b>\u00a0pro v\u0161echny tren\u00e9rsk\u00e9 t\u0159\u00eddy: 5. 11., Praha FTVS<\/div>\n<div>3. t\u0159. + T\u017d, p\u0159ihl\u00e1\u0161ka:\u00a0<a id=\"-wm-__wm_link2\" title=\"https:\/\/registr.atletika.cz\/TrainingRegistration\/Registration\/351\" href=\"https:\/\/registr.atletika.cz\/TrainingRegistration\/Registration\/351\" target=\"_blank\" rel=\"noopener\">https:\/\/registr.atletika.cz\/TrainingRegistration\/Registration\/351<\/a><\/div>\n<div>1. t\u0159. + 2. t\u0159.: p\u0159ihl\u00e1\u0161ka:\u00a0<a id=\"-wm-__wm_link3\" title=\"https:\/\/registr.atletika.cz\/TrainingRegistration\/Registration\/350\" href=\"https:\/\/registr.atletika.cz\/TrainingRegistration\/Registration\/350\" target=\"_blank\" rel=\"noopener\">https:\/\/registr.atletika.cz\/TrainingRegistration\/Registration\/350<\/a><\/div>\n<div><\/div>\n<div>TAP, p\u0159ihl\u00e1\u0161ka:\u00a0<a id=\"-wm-__wm_link5\" title=\"https:\/\/registr.atletika.cz\/TrainingRegistration\/Registration\/352\" href=\"https:\/\/registr.atletika.cz\/TrainingRegistration\/Registration\/352\" target=\"_blank\" rel=\"noopener\">https:\/\/registr.atletika.cz\/TrainingRegistration\/Registration\/352<\/a><\/div>\n<div><\/div>\n<div>\n<h4><span style=\"font-size: small;\">\u0160kolen\u00ed tren\u00e9r\u016f 3. t\u0159\u00eddy\u00a0&#8211; specializace: sprinty a p\u0159ek\u00e1\u017eky, b\u011bhy &#8211; ch\u016fze, v\u00edceboje\/ml\u00e1de\u017e; Vrh a hody; skoky, FTVS Praha, 13. 10. &#8211; 13.11.2022<\/span><\/h4>\n<div>P\u0159ihl\u00e1\u0161ka:\u00a0<a title=\"https:\/\/registr.atletika.cz\/TrainingRegistration\/Registration\/306\" href=\"https:\/\/registr.atletika.cz\/TrainingRegistration\/Registration\/306\" target=\"_blank\" rel=\"noopener\">https:\/\/registr.atletika.cz\/TrainingRegistration\/Registration\/306<\/a><\/div>\n<div><\/div>\n<div><\/div>\n<p>Pro \u0161kolen\u00ed v Plzni pros\u00edm nenechat p\u0159ihla\u0161ov\u00e1n\u00ed na posledn\u00ed chv\u00edli. Pokud se napln\u011bn\u00ed term\u00edn\u016f dozv\u00edme v\u010das, m\u016f\u017eeme zareagovat pro uspo\u0159\u00e1d\u00e1n\u00ed dal\u0161\u00edho term\u00ednu.<\/p>\n<\/div>\n","protected":false},"excerpt":{"rendered":"<p>\u0160kolen\u00ed tren\u00e9r\u016f TAP A T\u017d NAB\u00cdDKA PLZE\u0147: \u0160kolen\u00ed T\u017d, Plze\u0148, 11. &#8211; 13. 11. 2022 P\u0159ihl\u00e1\u0161ka:\u00a0https:\/\/registr.atletika.cz\/TrainingRegistration\/Registration\/373 \u0160kolen\u00ed TAP, Plze\u0148, 27. 11. 2022 P\u0159ihl\u00e1\u0161ka:\u00a0https:\/\/registr.atletika.cz\/TrainingRegistration\/Registration\/376 \u0160kolen\u00ed rozhod\u010d\u00edch,&hellip;<\/p>\n","protected":false},"author":2,"featured_media":1443,"comment_status":"closed","ping_status":"closed","sticky":false,"template":"","format":"standard","meta":{"footnotes":""},"categories":[1],"tags":[],"jetpack_sharing_enabled":true,"jetpack_featured_media_url":"http:\/\/pkas.cz\/wp-content\/uploads\/2020\/09\/obr-linta-scaled.jpg","_links":{"self":[{"href":"http:\/\/pkas.cz\/index.php?rest_route=\/wp\/v2\/posts\/3117"}],"collection":[{"href":"http:\/\/pkas.cz\/index.php?rest_route=\/wp\/v2\/posts"}],"about":[{"href":"http:\/\/pkas.cz\/index.php?rest_route=\/wp\/v2\/types\/post"}],"author":[{"embeddable":true,"href":"http:\/\/pkas.cz\/index.php?rest_route=\/wp\/v2\/users\/2"}],"replies":[{"embeddable":true,"href":"http:\/\/pkas.cz\/index.php?rest_route=%2Fwp%2Fv2%2Fcomments&post=3117"}],"version-history":[{"count":2,"href":"http:\/\/pkas.cz\/index.php?rest_route=\/wp\/v2\/posts\/3117\/revisions"}],"predecessor-version":[{"id":3119,"href":"http:\/\/pkas.cz\/index.php?rest_route=\/wp\/v2\/posts\/3117\/revisions\/3119"}],"wp:featuredmedia":[{"embeddable":true,"href":"http:\/\/pkas.cz\/index.php?rest_route=\/wp\/v2\/media\/1443"}],"wp:attachment":[{"href":"http:\/\/pkas.cz\/index.php?rest_route=%2Fwp%2Fv2%2Fmedia&parent=3117"}],"wp:term":[{"taxonomy":"category","embeddable":true,"href":"http:\/\/pkas.cz\/index.php?rest_route=%2Fwp%2Fv2%2Fcategories&post=3117"},{"taxonomy":"post_tag","embeddable":true,"href":"http:\/\/pkas.cz\/index.php?rest_route=%2Fwp%2Fv2%2Ftags&post=3117"}],"curies":[{"name":"wp","href":"https:\/\/api.w.org\/{rel}","templated":true}]}}