{"id":3102,"date":"2022-09-09T10:35:03","date_gmt":"2022-09-09T08:35:03","guid":{"rendered":"http:\/\/pkas.cz\/?p=3102"},"modified":"2022-09-09T10:35:03","modified_gmt":"2022-09-09T08:35:03","slug":"pozvanka-belska-mile","status":"publish","type":"post","link":"http:\/\/pkas.cz\/?p=3102","title":{"rendered":"Pozv\u00e1nka B\u011blsk\u00e1 m\u00edle"},"content":{"rendered":"<h1>Pozv\u00e1nka B\u011blsk\u00e1 m\u00edle<\/h1>\n<figure id=\"attachment_717\" aria-describedby=\"caption-attachment-717\" style=\"width: 300px\" class=\"wp-caption alignnone\"><img loading=\"lazy\" decoding=\"async\" class=\"size-medium wp-image-717\" src=\"http:\/\/pkas.cz\/wp-content\/uploads\/2020\/01\/PKAS_logo-pr\u016fhledn\u00fd-300x181.png\" alt=\"logo_new\" width=\"300\" height=\"181\" srcset=\"http:\/\/pkas.cz\/wp-content\/uploads\/2020\/01\/PKAS_logo-pr\u016fhledn\u00fd-300x181.png 300w, http:\/\/pkas.cz\/wp-content\/uploads\/2020\/01\/PKAS_logo-pr\u016fhledn\u00fd.png 533w\" sizes=\"(max-width: 300px) 100vw, 300px\" \/><figcaption id=\"caption-attachment-717\" class=\"wp-caption-text\">Nov\u00e9 logo PKAS<\/figcaption><\/figure>\n<p>Organiz\u00e1to\u0159i z B\u011bl\u00e9 nad Radbuzou zvou na tradi\u010dn\u00ed m\u00edtink B\u011blsk\u00e1 m\u00edle, kter\u00fd se kon\u00e1 15.9.<\/p>\n<p><a href=\"https:\/\/online.atletika.cz\/Propozice\/propozice\/65335\">PROPOZICE Z\u00c1VODU<\/a><\/p>\n","protected":false},"excerpt":{"rendered":"<p>Pozv\u00e1nka B\u011blsk\u00e1 m\u00edle Organiz\u00e1to\u0159i z B\u011bl\u00e9 nad Radbuzou zvou na tradi\u010dn\u00ed m\u00edtink B\u011blsk\u00e1 m\u00edle, kter\u00fd se kon\u00e1 15.9. PROPOZICE Z\u00c1VODU<\/p>\n","protected":false},"author":2,"featured_media":717,"comment_status":"closed","ping_status":"closed","sticky":false,"template":"","format":"standard","meta":{"footnotes":""},"categories":[1],"tags":[],"jetpack_sharing_enabled":true,"jetpack_featured_media_url":"http:\/\/pkas.cz\/wp-content\/uploads\/2020\/01\/PKAS_logo-pr\u016fhledn\u00fd.png","_links":{"self":[{"href":"http:\/\/pkas.cz\/index.php?rest_route=\/wp\/v2\/posts\/3102"}],"collection":[{"href":"http:\/\/pkas.cz\/index.php?rest_route=\/wp\/v2\/posts"}],"about":[{"href":"http:\/\/pkas.cz\/index.php?rest_route=\/wp\/v2\/types\/post"}],"author":[{"embeddable":true,"href":"http:\/\/pkas.cz\/index.php?rest_route=\/wp\/v2\/users\/2"}],"replies":[{"embeddable":true,"href":"http:\/\/pkas.cz\/index.php?rest_route=%2Fwp%2Fv2%2Fcomments&post=3102"}],"version-history":[{"count":1,"href":"http:\/\/pkas.cz\/index.php?rest_route=\/wp\/v2\/posts\/3102\/revisions"}],"predecessor-version":[{"id":3103,"href":"http:\/\/pkas.cz\/index.php?rest_route=\/wp\/v2\/posts\/3102\/revisions\/3103"}],"wp:featuredmedia":[{"embeddable":true,"href":"http:\/\/pkas.cz\/index.php?rest_route=\/wp\/v2\/media\/717"}],"wp:attachment":[{"href":"http:\/\/pkas.cz\/index.php?rest_route=%2Fwp%2Fv2%2Fmedia&parent=3102"}],"wp:term":[{"taxonomy":"category","embeddable":true,"href":"http:\/\/pkas.cz\/index.php?rest_route=%2Fwp%2Fv2%2Fcategories&post=3102"},{"taxonomy":"post_tag","embeddable":true,"href":"http:\/\/pkas.cz\/index.php?rest_route=%2Fwp%2Fv2%2Ftags&post=3102"}],"curies":[{"name":"wp","href":"https:\/\/api.w.org\/{rel}","templated":true}]}}