{"id":3100,"date":"2022-09-09T10:25:16","date_gmt":"2022-09-09T08:25:16","guid":{"rendered":"http:\/\/pkas.cz\/?p=3100"},"modified":"2022-09-09T10:25:16","modified_gmt":"2022-09-09T08:25:16","slug":"prehled-tymu-na-finale-omd-mladsiho-zactva","status":"publish","type":"post","link":"http:\/\/pkas.cz\/?p=3100","title":{"rendered":"P\u0159ehled t\u00fdm\u016f na fin\u00e1le OMD mlad\u0161\u00edho \u017eactva"},"content":{"rendered":"<h1>P\u0159ehled t\u00fdm\u016f na fin\u00e1le OMD mlad\u0161\u00edho \u017eactva<\/h1>\n<figure id=\"attachment_717\" aria-describedby=\"caption-attachment-717\" style=\"width: 300px\" class=\"wp-caption alignnone\"><img loading=\"lazy\" decoding=\"async\" class=\"size-medium wp-image-717\" src=\"http:\/\/pkas.cz\/wp-content\/uploads\/2020\/01\/PKAS_logo-pr\u016fhledn\u00fd-300x181.png\" alt=\"logo_new\" width=\"300\" height=\"181\" srcset=\"http:\/\/pkas.cz\/wp-content\/uploads\/2020\/01\/PKAS_logo-pr\u016fhledn\u00fd-300x181.png 300w, http:\/\/pkas.cz\/wp-content\/uploads\/2020\/01\/PKAS_logo-pr\u016fhledn\u00fd.png 533w\" sizes=\"(max-width: 300px) 100vw, 300px\" \/><figcaption id=\"caption-attachment-717\" class=\"wp-caption-text\">Nov\u00e9 logo PKAS<\/figcaption><\/figure>\n<p>P\u0159in\u00e1\u0161\u00edme p\u0159ehled v\u0161ech t\u00fdm\u016f, kter\u00e9 si v dlouhodob\u00e9 sout\u011b\u017ei zajistili \u00fa\u010dast na fin\u00e1le OMD mlad\u0161\u00edho \u017eactva Plze\u0148sk\u00e9ho a Karlovarsk\u00e9ho kraje.<\/p>\n<p><strong>Mlad\u0161\u00ed \u017e\u00e1ci:<\/strong><\/p>\n<p>AK \u0160KODA Plze\u0148 A, AK \u0160KODA Plze\u0148 B, Atletika Klatovy, Aktiv Sport Hor\u0161ovsk\u00fd T\u00fdn, TJ Sokol Plze\u0148 \u2013 Pet\u0159\u00edn, TJ Ban\u00edk St\u0159\u00edbro, Triatlet Karlovy Vary, SKP Union Cheb, SC Start Karlovy Vary<\/p>\n<p><strong>Mlad\u0161\u00ed \u017e\u00e1kyn\u011b:<\/strong><\/p>\n<p>AK \u0160KODA Plze\u0148 A, AK \u0160KODA Plze\u0148 B, Atletika Klatovy, TJ Sokol Plze\u0148 \u2013 Pet\u0159\u00edn, TJ Ban\u00edk St\u0159\u00edbro, Aktiv Sport Hor\u0161ovsk\u00fd T\u00fdn, Triatlet Karlovy Vary, SKP Union Cheb, Atletika Ostrov<\/p>\n<p>&nbsp;<\/p>\n<p>Fin\u00e1le startuje v ned\u011bli 11.9. v Plzni na Skvr\u0148anech.<\/p>\n<p><a href=\"https:\/\/online.atletika.cz\/Propozice\/propozice\/63251\">PROPOZICE Z\u00c1VODU\u00a0<\/a><\/p>\n","protected":false},"excerpt":{"rendered":"<p>P\u0159ehled t\u00fdm\u016f na fin\u00e1le OMD mlad\u0161\u00edho \u017eactva P\u0159in\u00e1\u0161\u00edme p\u0159ehled v\u0161ech t\u00fdm\u016f, kter\u00e9 si v dlouhodob\u00e9 sout\u011b\u017ei zajistili \u00fa\u010dast na fin\u00e1le OMD mlad\u0161\u00edho \u017eactva Plze\u0148sk\u00e9ho a&hellip;<\/p>\n","protected":false},"author":2,"featured_media":717,"comment_status":"closed","ping_status":"closed","sticky":false,"template":"","format":"standard","meta":{"footnotes":""},"categories":[1],"tags":[],"jetpack_sharing_enabled":true,"jetpack_featured_media_url":"http:\/\/pkas.cz\/wp-content\/uploads\/2020\/01\/PKAS_logo-pr\u016fhledn\u00fd.png","_links":{"self":[{"href":"http:\/\/pkas.cz\/index.php?rest_route=\/wp\/v2\/posts\/3100"}],"collection":[{"href":"http:\/\/pkas.cz\/index.php?rest_route=\/wp\/v2\/posts"}],"about":[{"href":"http:\/\/pkas.cz\/index.php?rest_route=\/wp\/v2\/types\/post"}],"author":[{"embeddable":true,"href":"http:\/\/pkas.cz\/index.php?rest_route=\/wp\/v2\/users\/2"}],"replies":[{"embeddable":true,"href":"http:\/\/pkas.cz\/index.php?rest_route=%2Fwp%2Fv2%2Fcomments&post=3100"}],"version-history":[{"count":1,"href":"http:\/\/pkas.cz\/index.php?rest_route=\/wp\/v2\/posts\/3100\/revisions"}],"predecessor-version":[{"id":3101,"href":"http:\/\/pkas.cz\/index.php?rest_route=\/wp\/v2\/posts\/3100\/revisions\/3101"}],"wp:featuredmedia":[{"embeddable":true,"href":"http:\/\/pkas.cz\/index.php?rest_route=\/wp\/v2\/media\/717"}],"wp:attachment":[{"href":"http:\/\/pkas.cz\/index.php?rest_route=%2Fwp%2Fv2%2Fmedia&parent=3100"}],"wp:term":[{"taxonomy":"category","embeddable":true,"href":"http:\/\/pkas.cz\/index.php?rest_route=%2Fwp%2Fv2%2Fcategories&post=3100"},{"taxonomy":"post_tag","embeddable":true,"href":"http:\/\/pkas.cz\/index.php?rest_route=%2Fwp%2Fv2%2Ftags&post=3100"}],"curies":[{"name":"wp","href":"https:\/\/api.w.org\/{rel}","templated":true}]}}