{"id":3094,"date":"2022-09-08T09:12:06","date_gmt":"2022-09-08T07:12:06","guid":{"rendered":"http:\/\/pkas.cz\/?p=3094"},"modified":"2022-09-08T09:13:31","modified_gmt":"2022-09-08T07:13:31","slug":"4-kolo-omd-mladsiho-zactva-a-postupujici-na-finale","status":"publish","type":"post","link":"http:\/\/pkas.cz\/?p=3094","title":{"rendered":"4. kolo OMD mlad\u0161\u00edho \u017eactva a postupuj\u00edc\u00ed na fin\u00e1le"},"content":{"rendered":"<h1>4. kolo OMD mlad\u0161\u00edho \u017eactva a postupuj\u00edc\u00ed na fin\u00e1le<\/h1>\n<figure id=\"attachment_717\" aria-describedby=\"caption-attachment-717\" style=\"width: 300px\" class=\"wp-caption alignnone\"><img loading=\"lazy\" decoding=\"async\" class=\"size-medium wp-image-717\" src=\"http:\/\/pkas.cz\/wp-content\/uploads\/2020\/01\/PKAS_logo-pr\u016fhledn\u00fd-300x181.png\" alt=\"logo_new\" width=\"300\" height=\"181\" srcset=\"http:\/\/pkas.cz\/wp-content\/uploads\/2020\/01\/PKAS_logo-pr\u016fhledn\u00fd-300x181.png 300w, http:\/\/pkas.cz\/wp-content\/uploads\/2020\/01\/PKAS_logo-pr\u016fhledn\u00fd.png 533w\" sizes=\"(max-width: 300px) 100vw, 300px\" \/><figcaption id=\"caption-attachment-717\" class=\"wp-caption-text\">Nov\u00e9 logo PKAS<\/figcaption><\/figure>\n<p>Ve st\u0159edu 7. z\u00e1\u0159\u00ed prob\u011bhla z\u00e1v\u011bre\u010dn\u00e1 kola OMD mlad\u0161\u00edho \u017eactva obou skupin.<\/p>\n<p>P\u0159in\u00e1\u0161\u00edme:<\/p>\n<p><a href=\"https:\/\/online.atletika.cz\/vysledky\/63249\">V\u00ddSLEDKY sk. A<\/a><\/p>\n<p><a href=\"http:\/\/pkas.cz\/wp-content\/uploads\/2022\/09\/ZOMD4MLZCISKAI.docx\">Zpravodaj sk. A\u00a0<\/a><\/p>\n<p><a href=\"https:\/\/online.atletika.cz\/vysledky\/63250\">V\u00ddSLEDKY\u00a0 sk. B<\/a><\/p>\n<p><a href=\"http:\/\/pkas.cz\/wp-content\/uploads\/2022\/09\/ZOMD4MLZCISKAI.docx\">Zpravodaj sk. B<\/a><\/p>\n<p>&nbsp;<\/p>\n<p>Seznam postupuj\u00edc\u00edch t\u00fdm\u016f na Fin\u00e1le OMD Plze\u0148sk\u00e9ho a Karlovarsk\u00e9ho kraje, kter\u00e9 se uskute\u010dn\u00ed 11.9. na stadionu \u0160kody Plze\u0148 ve Skvr\u0148anech.<\/p>\n<p>&nbsp;<\/p>\n<p><strong>Mlad\u0161\u00ed \u017e\u00e1ci:<\/strong> AK \u0160KODA Plze\u0148 A, AK \u0160KODA Plze\u0148 B, Atletika Klatovy, Aktiv Sport Hor\u0161ovsk\u00fd T\u00fdn, TJ Sokol Plze\u0148 &#8211; Pet\u0159\u00edn, TJ Ban\u00edk St\u0159\u00edbro<\/p>\n<p><strong>Mlad\u0161\u00ed \u017e\u00e1kyn\u011b:<\/strong> AK \u0160KODA Plze\u0148 A, AK \u0160KODA Plze\u0148 B, Atletika Klatovy, TJ Sokol Plze\u0148 &#8211; Pet\u0159\u00edn, TJ Ban\u00edk St\u0159\u00edbro, Aktiv Sport Hor\u0161ovsk\u00fd T\u00fdn<\/p>\n<p>D\u00e1le bude dopln\u011bno o t\u00fdmy z\u00a0 Karlovarsk\u00e9ho kraje<\/p>\n<p><a href=\"https:\/\/online.atletika.cz\/Propozice\/propozice\/63251\">PROPOZICE FIN\u00c1LE<\/a><\/p>\n<p>&nbsp;<\/p>\n","protected":false},"excerpt":{"rendered":"<p>4. kolo OMD mlad\u0161\u00edho \u017eactva a postupuj\u00edc\u00ed na fin\u00e1le Ve st\u0159edu 7. z\u00e1\u0159\u00ed prob\u011bhla z\u00e1v\u011bre\u010dn\u00e1 kola OMD mlad\u0161\u00edho \u017eactva obou skupin. P\u0159in\u00e1\u0161\u00edme: V\u00ddSLEDKY sk. A&hellip;<\/p>\n","protected":false},"author":2,"featured_media":717,"comment_status":"closed","ping_status":"closed","sticky":false,"template":"","format":"standard","meta":{"footnotes":""},"categories":[1],"tags":[],"jetpack_sharing_enabled":true,"jetpack_featured_media_url":"http:\/\/pkas.cz\/wp-content\/uploads\/2020\/01\/PKAS_logo-pr\u016fhledn\u00fd.png","_links":{"self":[{"href":"http:\/\/pkas.cz\/index.php?rest_route=\/wp\/v2\/posts\/3094"}],"collection":[{"href":"http:\/\/pkas.cz\/index.php?rest_route=\/wp\/v2\/posts"}],"about":[{"href":"http:\/\/pkas.cz\/index.php?rest_route=\/wp\/v2\/types\/post"}],"author":[{"embeddable":true,"href":"http:\/\/pkas.cz\/index.php?rest_route=\/wp\/v2\/users\/2"}],"replies":[{"embeddable":true,"href":"http:\/\/pkas.cz\/index.php?rest_route=%2Fwp%2Fv2%2Fcomments&post=3094"}],"version-history":[{"count":3,"href":"http:\/\/pkas.cz\/index.php?rest_route=\/wp\/v2\/posts\/3094\/revisions"}],"predecessor-version":[{"id":3099,"href":"http:\/\/pkas.cz\/index.php?rest_route=\/wp\/v2\/posts\/3094\/revisions\/3099"}],"wp:featuredmedia":[{"embeddable":true,"href":"http:\/\/pkas.cz\/index.php?rest_route=\/wp\/v2\/media\/717"}],"wp:attachment":[{"href":"http:\/\/pkas.cz\/index.php?rest_route=%2Fwp%2Fv2%2Fmedia&parent=3094"}],"wp:term":[{"taxonomy":"category","embeddable":true,"href":"http:\/\/pkas.cz\/index.php?rest_route=%2Fwp%2Fv2%2Fcategories&post=3094"},{"taxonomy":"post_tag","embeddable":true,"href":"http:\/\/pkas.cz\/index.php?rest_route=%2Fwp%2Fv2%2Ftags&post=3094"}],"curies":[{"name":"wp","href":"https:\/\/api.w.org\/{rel}","templated":true}]}}