{"id":3086,"date":"2022-09-06T08:46:09","date_gmt":"2022-09-06T06:46:09","guid":{"rendered":"http:\/\/pkas.cz\/?p=3086"},"modified":"2022-09-06T08:47:16","modified_gmt":"2022-09-06T06:47:16","slug":"finale-mcr-druzstev-dospelych-stribro-pro-zeny-ak-skoda-plzen","status":"publish","type":"post","link":"http:\/\/pkas.cz\/?p=3086","title":{"rendered":"Fin\u00e1le M\u010cR dru\u017estev dosp\u011bl\u00fdch &#8211; st\u0159\u00edbro pro \u017eeny AK \u0160KODA Plze\u0148"},"content":{"rendered":"<h1>Fin\u00e1le M\u010cR dru\u017estev dosp\u011bl\u00fdch &#8211; st\u0159\u00edbro pro \u017eeny AK \u0160KODA Plze\u0148<\/h1>\n<p><img loading=\"lazy\" decoding=\"async\" class=\"alignnone size-medium wp-image-3087\" src=\"http:\/\/pkas.cz\/wp-content\/uploads\/2022\/09\/druzstvaskodaplzen2022-300x225.jpg\" alt=\"\" width=\"300\" height=\"225\" srcset=\"http:\/\/pkas.cz\/wp-content\/uploads\/2022\/09\/druzstvaskodaplzen2022-300x225.jpg 300w, http:\/\/pkas.cz\/wp-content\/uploads\/2022\/09\/druzstvaskodaplzen2022-1024x768.jpg 1024w, http:\/\/pkas.cz\/wp-content\/uploads\/2022\/09\/druzstvaskodaplzen2022-768x576.jpg 768w, http:\/\/pkas.cz\/wp-content\/uploads\/2022\/09\/druzstvaskodaplzen2022.jpg 1440w\" sizes=\"(max-width: 300px) 100vw, 300px\" \/><\/p>\n<p>fotozdroj AK \u0160KODA Plze\u0148<\/p>\n<p><strong>V ned\u011bli 4. z\u00e1\u0159\u00ed hostila zlat\u00e1 dr\u00e1ha v\u00a0Chebu Mistrovstv\u00ed \u010cesk\u00e9 republiky dru\u017estev. P\u0159\u00eddomek \u201ezlat\u00e1\u201c m\u00e1 stadion podle sv\u00edtiv\u011b \u017elut\u00e9 barvy tartanu, kter\u00fd je sv\u011btov\u00fdm unik\u00e1tem. V\u00a0kr\u00e1sn\u00e9m prost\u0159ed\u00ed pod hradbami historick\u00e9ho centra nem\u011bl ani plze\u0148sk\u00fd t\u00fdm \u017een daleko k\u00a0tomu, aby si pov\u011bsil na krk zlatou medaili!<\/strong><\/p>\n<p><strong>Boj o medaile mezi \u017eensk\u00fdmi dru\u017estvy byl nap\u00ednav\u00fd a\u017e do posledn\u00edch chvil.<\/strong>\u00a0<strong>O v\u00edt\u011bzstv\u00ed rozhodly a\u017e z\u00e1v\u011bre\u010dn\u00e9 \u0161tafety, kde si l\u00e9pe vedl t\u00fdm USK Praha a z\u00edskal tak sv\u016fj 32. titul.<\/strong>\u00a0<em>\u201eO nejv\u011bt\u0161\u00ed bodov\u00fd p\u0159\u00edsun 16 bod\u016f se postarala slovensk\u00e1 posila Viktoria Forster, kter\u00e1 dok\u00e1zala zv\u00edt\u011bzit v\u00a0b\u011bhu na 100 m p\u0159., druh\u00e1 byla na hladk\u00e9 stovce. P\u0159es 10 bod\u016f se dostaly je\u0161t\u011b Linda Such\u00e1 za 2. m\u00edsto v\u00a0d\u00e1lce a 3. v\u00a0trojskoku, nest\u00e1rnouc\u00ed Lenka Vale\u0161ov\u00e1 v\u00a0kladivu a kouli, slovensk\u00e1 \u00fa\u010dastnice Mistrovstv\u00ed sv\u011bta Daniela Ledeck\u00e1, \u00fa\u010dastnice ME na 400 m Tereza Petr\u017eilkov\u00e1 a b\u011b\u017ekyn\u011b na st\u0159edn\u00ed trat\u011b Ani\u010dka Sur\u00e1kov\u00e1,\u201c<\/em>\u00a0uvedl Michal \u010cern\u00fd z\u00a0AK \u0160koda Plze\u0148.<\/p>\n<p><strong>K\u00a0celkov\u00e9mu sou\u010dtu 177,5 bod\u016f p\u0159isp\u011blo v\u0161ech 24 z\u00e1vodnic z\u00a0dru\u017estva a d\u00e1my se tak mohly radovat ze zaslou\u017een\u00e9 st\u0159\u00edbrn\u00e9 medaile!<\/strong><\/p>\n<p><strong>Mu\u017esk\u00e1 sout\u011b\u017e byla tak\u00e9 velmi nap\u00ednav\u00e1.\u00a0<\/strong>Mezi 3. a\u017e 5. m\u00edstem rozhodoval ka\u017ed\u00fd bod.\u00a0<em>\u201eMu\u017ei vs\u00e1z\u00ed na t\u00fdmovou vyrovnanost a t\u00fdm slo\u017een\u00fd p\u0159edev\u0161\u00edm z\u00a0vlastn\u00edch odchovanc\u016f. O nejv\u011bt\u0161\u00ed bodov\u00fd p\u0159\u00edd\u011bl a tak\u00e9 jeden z\u00a0nejhodnotn\u011bj\u0161\u00edch v\u00fdkon\u016f cel\u00e9ho \u0161ampion\u00e1tu se postaral ve v\u00fd\u0161ce Josef Ad\u00e1mek. \u00da\u010dastn\u00edk Mistrovstv\u00ed Evropy v\u00a0Mnichov\u011b vytvo\u0159il na stadionu skv\u011blou show a v\u00fdkonem 223 cm stanovil nejen hodnotu nov\u00e9ho osobn\u00edho rekordu, ale tak\u00e9 p\u0159ekonal bronzov\u00e9ho medailistu z\u00a0Mistrovstv\u00ed sv\u011bta si\u0159ana Ghazala. T\u00fdmu tak\u00e9 pomohli tradi\u010dn\u011b siln\u00ed brat\u0159i Forejti v\u00a0disku a kouli, Matou\u0161 Posp\u00ed\u0161il v\u00a0d\u00e1lce a trojskoku, Kuba Majer\u010d\u00e1k potvrdil neklesaj\u00edc\u00ed formu v\u00a0b\u011bhu na 400 m, kdy\u017e \u010dasem 46,77 s\u00a0obsadil 4. p\u0159\u00ed\u010dku za st\u00e1licemi \u010desk\u00e9 \u010dtvrtky Patrikem \u0160ormem a Pavlem Masl\u00e1kem,\u201c<\/em>\u00a0up\u0159esnil Michal \u010cern\u00fd.<\/p>\n<p><strong>P\u00e1nov\u00e9 dok\u00e1zali posb\u00edrat b\u011bhem sout\u011b\u017ee 109 bod\u016f, co\u017e sta\u010dilo na 5. m\u00edsto, bronzov\u00e1 medaile byla ale velmi bl\u00edzko, konkr\u00e9tn\u011b 11 bod\u016f.<\/strong><\/p>\n<p><strong>Atlet\u016fm ke skv\u011bl\u00e9mu v\u00fdkonu gratulujeme!<\/strong><\/p>\n<p><u><strong>Celkov\u00e9 po\u0159ad\u00ed \u017deny<\/strong><\/u><\/p>\n<ol>\n<li>Univerzitn\u00ed sportovn\u00ed klub Praha<\/li>\n<li><strong>AK \u0160KODA Plze\u0148<\/strong><\/li>\n<li>AK Olymp Brno, spolek<\/li>\n<li>TJ Dukla Praha<\/li>\n<li>PSK Olymp Praha, z.s.<\/li>\n<li>SSK V\u00edtkovice, z.s.<\/li>\n<\/ol>\n<p><u><strong>Celkov\u00e9 po\u0159ad\u00ed Mu\u017ei<\/strong><\/u><\/p>\n<ol>\n<li>TJ Dukla Praha<\/li>\n<li>VSK Univerzita Brno<\/li>\n<li>A. C. TEPO Kladno<\/li>\n<li>PSK Olymp Praha, z.s<\/li>\n<li><strong>AK \u0160KODA Plze\u0148<\/strong><\/li>\n<li>SSK V\u00edtkovice, z.s.<\/li>\n<\/ol>\n<p>&nbsp;<\/p>\n<p><a href=\"https:\/\/online.atletika.cz\/vysledky\/48382\">KOMPLETN\u00cd V\u00ddSLEDKY Z CHEBU<\/a><\/p>\n<p>p\u0159evzato z webu QAP.CZ<\/p>\n","protected":false},"excerpt":{"rendered":"<p>Fin\u00e1le M\u010cR dru\u017estev dosp\u011bl\u00fdch &#8211; st\u0159\u00edbro pro \u017eeny AK \u0160KODA Plze\u0148 fotozdroj AK \u0160KODA Plze\u0148 V ned\u011bli 4. z\u00e1\u0159\u00ed hostila zlat\u00e1 dr\u00e1ha v\u00a0Chebu Mistrovstv\u00ed \u010cesk\u00e9&hellip;<\/p>\n","protected":false},"author":2,"featured_media":3087,"comment_status":"closed","ping_status":"closed","sticky":false,"template":"","format":"standard","meta":{"footnotes":""},"categories":[1],"tags":[],"jetpack_sharing_enabled":true,"jetpack_featured_media_url":"http:\/\/pkas.cz\/wp-content\/uploads\/2022\/09\/druzstvaskodaplzen2022.jpg","_links":{"self":[{"href":"http:\/\/pkas.cz\/index.php?rest_route=\/wp\/v2\/posts\/3086"}],"collection":[{"href":"http:\/\/pkas.cz\/index.php?rest_route=\/wp\/v2\/posts"}],"about":[{"href":"http:\/\/pkas.cz\/index.php?rest_route=\/wp\/v2\/types\/post"}],"author":[{"embeddable":true,"href":"http:\/\/pkas.cz\/index.php?rest_route=\/wp\/v2\/users\/2"}],"replies":[{"embeddable":true,"href":"http:\/\/pkas.cz\/index.php?rest_route=%2Fwp%2Fv2%2Fcomments&post=3086"}],"version-history":[{"count":2,"href":"http:\/\/pkas.cz\/index.php?rest_route=\/wp\/v2\/posts\/3086\/revisions"}],"predecessor-version":[{"id":3089,"href":"http:\/\/pkas.cz\/index.php?rest_route=\/wp\/v2\/posts\/3086\/revisions\/3089"}],"wp:featuredmedia":[{"embeddable":true,"href":"http:\/\/pkas.cz\/index.php?rest_route=\/wp\/v2\/media\/3087"}],"wp:attachment":[{"href":"http:\/\/pkas.cz\/index.php?rest_route=%2Fwp%2Fv2%2Fmedia&parent=3086"}],"wp:term":[{"taxonomy":"category","embeddable":true,"href":"http:\/\/pkas.cz\/index.php?rest_route=%2Fwp%2Fv2%2Fcategories&post=3086"},{"taxonomy":"post_tag","embeddable":true,"href":"http:\/\/pkas.cz\/index.php?rest_route=%2Fwp%2Fv2%2Ftags&post=3086"}],"curies":[{"name":"wp","href":"https:\/\/api.w.org\/{rel}","templated":true}]}}