{"id":3070,"date":"2022-08-28T13:41:19","date_gmt":"2022-08-28T11:41:19","guid":{"rendered":"http:\/\/pkas.cz\/?p=3070"},"modified":"2022-08-31T22:04:29","modified_gmt":"2022-08-31T20:04:29","slug":"beh-plzenske-teplarenske-bezecky-pohar-plz-kraje","status":"publish","type":"post","link":"http:\/\/pkas.cz\/?p=3070","title":{"rendered":"B\u011bh plze\u0148sk\u00e9 tepl\u00e1rensk\u00e9 &#8211; B\u011b\u017eeck\u00fd poh\u00e1r Plz. kraje"},"content":{"rendered":"<h1>B\u011bh plze\u0148sk\u00e9 tepl\u00e1rensk\u00e9 &#8211; B\u011b\u017eeck\u00fd poh\u00e1r Plz. kraje<\/h1>\n<p><img loading=\"lazy\" decoding=\"async\" class=\"alignnone size-medium wp-image-3074\" src=\"http:\/\/pkas.cz\/wp-content\/uploads\/2022\/08\/IMG-20220829-WA0002-1-300x225.jpg\" alt=\"\" width=\"300\" height=\"225\" srcset=\"http:\/\/pkas.cz\/wp-content\/uploads\/2022\/08\/IMG-20220829-WA0002-1-300x225.jpg 300w, http:\/\/pkas.cz\/wp-content\/uploads\/2022\/08\/IMG-20220829-WA0002-1-1024x768.jpg 1024w, http:\/\/pkas.cz\/wp-content\/uploads\/2022\/08\/IMG-20220829-WA0002-1-768x576.jpg 768w, http:\/\/pkas.cz\/wp-content\/uploads\/2022\/08\/IMG-20220829-WA0002-1-1536x1152.jpg 1536w, http:\/\/pkas.cz\/wp-content\/uploads\/2022\/08\/IMG-20220829-WA0002-1.jpg 2048w\" sizes=\"(max-width: 300px) 100vw, 300px\" \/><\/p>\n<p>fotozdroj Ladislava \u010cejkov\u00e1<\/p>\n<p>29. 8. 2022. V sobotu 27. 8. se v Plzni na Ostende uskute\u010dnil dev\u00e1t\u00fd ro\u010dn\u00edk B\u011bhu Plze\u0148sk\u00e9 tepl\u00e1rensk\u00e9 kolem Boleveck\u00fdch rybn\u00edk\u016f. Na start v\u0161ech b\u011bh\u016f se postavilo celkem 185 b\u011b\u017ec\u016f v\u0161ech v\u011bkov\u00fdch kategori\u00ed. 99 d\u011bt\u00ed z\u00e1vodilo v r\u00e1mci B\u011b\u017eeck\u00e9ho poh\u00e1ru ml\u00e1de\u017ee Plze\u0148sk\u00e9ho kraje, 7 b\u011b\u017ec\u016f si vyzkou\u0161elo m\u00e9n\u011b n\u00e1ro\u010dnou tra\u0165 o d\u00e9lce 2 km, 29 jich b\u011b\u017eelo z\u00e1vod na 3,5 km a 50 se jich z\u00fa\u010dastnilo hlavn\u00edho z\u00e1vodu na 5,5 km. Bohu\u017eel ji\u017e t\u0159et\u00edm rokem v \u0159ad\u011b panovalo v den z\u00e1vodu zamra\u010den\u00e9 po\u010das\u00ed s ob\u010dasn\u00fdmi de\u0161\u0165ov\u00fdmi p\u0159eh\u00e1\u0148kami. Celkov\u00fdm v\u00edt\u011bzem b\u011bhu na 5,5 km se stal Luk\u00e1\u0161 Kr\u00fdsl z AC Doma\u017elice, kter\u00fd dob\u011bhl v \u010dase 18:20,2 min. Se ztr\u00e1tou necel\u00fdch osmi vte\u0159in dob\u011bhl na druh\u00e9m m\u00edst\u011b Martin Honc z AK \u0160koda Plze\u0148 (18:27,8 min) a t\u0159et\u00ed Tom\u00e1\u0161 Eisner v \u010dase 18:50,6 min. Nov\u00fd tra\u0165ov\u00fd rekord mezi \u017eenami vytvo\u0159ila v\u00edt\u011bzka Petra \u0160m\u00e1kalov\u00e1 ze Sokola SG Plze\u0148-Pet\u0159\u00edn. Tra\u0165 zdolala v \u010dase 20:17,8 min. Druh\u00e1 skon\u010dila Krist\u00fdna Eisnerov\u00e1 v \u010dase 23:06,1 min a t\u0159et\u00ed Alena Vintrov\u00e1 v \u010dase 23:08,8 min. V\u00edt\u011bzi jednotliv\u00fdch v\u011bkov\u00fdch kategori\u00ed se stali Luk\u00e1\u0161 Kr\u00fdsl, Petr Mina\u0159\u00edk (AC Falcon Rokycany), Tom\u00e1\u0161 Nesva\u010dil (P\u0159\u00edbram), Ji\u0159\u00ed Proch\u00e1zka (RMT), M\u00edra Kas\u00edk (\u010cesk\u00fd b\u011b\u017eeck\u00fd klub), Alena Vintrov\u00e1, Krist\u00fdna Eisnerov\u00e1, Petra \u0160m\u00e1kalov\u00e1 a Jindra Zah\u00e1lkov\u00e1 (KB Chlum\u010dany). V b\u011bhu na 3,5 km zv\u00edt\u011bzil pot\u0159et\u00ed v \u0159ad\u011b Pavel \u0160t\u011bp\u00e1nik z AK \u0160koda Plze\u0148. Dob\u011bhl v \u010dase 11:09,4 min. Velkou \u010d\u00e1st trati s n\u00edm b\u011b\u017eel pohromad\u011b Luk\u00e1\u0161 Kr\u00fdsl z AC Doma\u017elice. Ten skon\u010dil druh\u00fd v \u010dase 11:21,6 min. Na t\u0159et\u00edm dob\u011bhl Petr Mina\u0159\u00edk z AC Falcon Rokycany v \u010dase 12:10,1 min. Nejrychlej\u0161\u00ed \u017eenou byla So\u0148a M\u00fcllerov\u00e1 Z TJ Ban\u00edk St\u0159\u00edbro v \u010dase 14:26,3 min. Druh\u00e1 skon\u010dila v \u010dase 14:37,0 min Barbora T\u0159\u00edskov\u00e1 z ASK Dipoli, ro\u010dn\u00edk narozen\u00ed 2011, a t\u0159et\u00ed Aneta Schwarczov\u00e1 (AK \u0160koda Plze\u0148) v \u010dase 14:58,6 min. V\u00edt\u011bzi jednotliv\u00fdch kategori\u00ed se stali Pavel \u0160t\u011bp\u00e1nik, Petr Mina\u0159\u00edk, Pavel Leitl z Plzn\u011b, So\u0148a M\u00fcllerov\u00e1, Barbora \u0160turmov\u00e1 (Forrest Gump team) a Zlata Luk\u00e1\u0161kov\u00e1 (SV St\u0159\u00edbro). Na medailov\u00fdch pozic\u00edch b\u011bhu na 2 km se um\u00edstili Tom\u00e1\u0161 Mina\u0159\u00edk, Petr Mina\u0159\u00edk (oba AC Falcon Rokycany), Jaroslav V\u00e1\u0148a (SK Plze\u0148-Bolevec), Monika Polomisov\u00e1, Zuzana Ulrichov\u00e1 (B\u011b\u017eci Chomutov) a Nikola Divi\u0161ov\u00e1 z Klatov. D\u011bti sout\u011b\u017eily v r\u00e1mci B\u011b\u017eeck\u00e9ho poh\u00e1ru ml\u00e1de\u017ee Plze\u0148sk\u00e9ho kraje a b\u011b\u017eely sv\u00e9 z\u00e1vody v les\u00edch okolo kempu na Ostende. Jejich trasy m\u011b\u0159ily 300 m, 750 m, 1,1 km a 2 km. V\u00edt\u011bzi sv\u00fdch kategori\u00edch se stali Kate\u0159ina \u0160ilh\u00e1nkov\u00e1, Adam Rub\u00e1\u0161, Dorota Wagnerov\u00e1, (v\u0161ichni Aktiv Sport Hor\u0161ovsk\u00fd T\u00fdn), V\u00e1clav N\u011bme\u010dek (TJ Sokol SG Plze\u0148 \u2013 Pet\u0159\u00edn), Karol\u00edna Klepa\u010dov\u00e1 ((P\u011btiboja\u0159sk\u00e9 sportovn\u00ed centrum v Plzni), Tom\u00e1\u0161 Mina\u0159\u00edk (AC Falcon Rokycany), Veronika B\u0159\u00edzov\u00e1 (AK \u0160koda Plze\u0148), Leonard Mastn\u00fd (TJ Sokol SG Plze\u0148-Pet\u0159\u00edn), Kl\u00e1ra Slav\u00edkov\u00e1 (AK \u0160koda Plze\u0148), Ond\u0159ej \u0160piroch (TJ Ban\u00edk St\u0159\u00edbro), Krist\u00fdna \u010cechov\u00e1 (TJ Sokol SG Plze\u0148-Pet\u0159\u00edn) a Jan \u0160karban (AK \u0160koda Plze\u0148). Na v\u0161echny b\u011b\u017ece \u010dekal u pl\u00e1\u017ee na Ostende zaj\u00edmav\u00fd doprovodn\u00fd program. D\u011bti si mohly nechat pomalovat obli\u010dej, k dispozici m\u011bly dva sk\u00e1kac\u00ed hrady a Plze\u0148sk\u00e9 tepl\u00e1rensk\u00e1 rozdala v tombole 45 kr\u00e1sn\u00fdch cen. O z\u00e1bavu se staral moder\u00e1tor David Brabec. \u010cestn\u00fdmi hosty byl op\u011bt zlat\u00fd medailista z OH v Mexiku 1968 ve st\u0159elb\u011b z malor\u00e1\u017eky Jan K\u016frka, d\u00e1le zastupitelka Plze\u0148sk\u00e9ho kraje Radka Tryl\u010dov\u00e1 a obchodn\u011b-technick\u00fd \u0159editel Jakub Vojta. Jako ji\u017e tradi\u010dn\u011b, z\u00e1vodu na 5,5 km se z\u00fa\u010dastnil p\u0159edseda p\u0159edstavenstva Plze\u0148sk\u00e9 tepl\u00e1rensk\u00e9 Roman Jure\u010dko.<\/p>\n<p>autor Roman Sladk\u00fd<\/p>\n<p><a href=\"http:\/\/www.pro-sport.cz\/sites\/PRO-SPORT.cz\/repository\/V__sledky_B__h_Plze__sk___tepl__rensk___kolem_Boleveck__ch_rybn__k___2022.xlsx\">V\u00ddSLEDKY<\/a><\/p>\n<p><a href=\"http:\/\/www.pro-sport.cz\/sites\/PRO-SPORT.cz\/\/repository\/Pr__b____n___po__ad___B____eck__ho_poh__ru_ml__de__e_2022_VI.xls\">PR\u016eB\u011a\u017dN\u00c9 PO\u0158AD\u00cd POH\u00c1RU PO 6 Z\u00c1VODECH<\/a><\/p>\n","protected":false},"excerpt":{"rendered":"<p>B\u011bh plze\u0148sk\u00e9 tepl\u00e1rensk\u00e9 &#8211; B\u011b\u017eeck\u00fd poh\u00e1r Plz. kraje fotozdroj Ladislava \u010cejkov\u00e1 29. 8. 2022. V sobotu 27. 8. se v Plzni na Ostende uskute\u010dnil dev\u00e1t\u00fd&hellip;<\/p>\n","protected":false},"author":2,"featured_media":3074,"comment_status":"closed","ping_status":"closed","sticky":false,"template":"","format":"standard","meta":{"footnotes":""},"categories":[1],"tags":[],"jetpack_sharing_enabled":true,"jetpack_featured_media_url":"http:\/\/pkas.cz\/wp-content\/uploads\/2022\/08\/IMG-20220829-WA0002-1.jpg","_links":{"self":[{"href":"http:\/\/pkas.cz\/index.php?rest_route=\/wp\/v2\/posts\/3070"}],"collection":[{"href":"http:\/\/pkas.cz\/index.php?rest_route=\/wp\/v2\/posts"}],"about":[{"href":"http:\/\/pkas.cz\/index.php?rest_route=\/wp\/v2\/types\/post"}],"author":[{"embeddable":true,"href":"http:\/\/pkas.cz\/index.php?rest_route=\/wp\/v2\/users\/2"}],"replies":[{"embeddable":true,"href":"http:\/\/pkas.cz\/index.php?rest_route=%2Fwp%2Fv2%2Fcomments&post=3070"}],"version-history":[{"count":3,"href":"http:\/\/pkas.cz\/index.php?rest_route=\/wp\/v2\/posts\/3070\/revisions"}],"predecessor-version":[{"id":3076,"href":"http:\/\/pkas.cz\/index.php?rest_route=\/wp\/v2\/posts\/3070\/revisions\/3076"}],"wp:featuredmedia":[{"embeddable":true,"href":"http:\/\/pkas.cz\/index.php?rest_route=\/wp\/v2\/media\/3074"}],"wp:attachment":[{"href":"http:\/\/pkas.cz\/index.php?rest_route=%2Fwp%2Fv2%2Fmedia&parent=3070"}],"wp:term":[{"taxonomy":"category","embeddable":true,"href":"http:\/\/pkas.cz\/index.php?rest_route=%2Fwp%2Fv2%2Fcategories&post=3070"},{"taxonomy":"post_tag","embeddable":true,"href":"http:\/\/pkas.cz\/index.php?rest_route=%2Fwp%2Fv2%2Ftags&post=3070"}],"curies":[{"name":"wp","href":"https:\/\/api.w.org\/{rel}","templated":true}]}}