{"id":3064,"date":"2022-08-29T13:39:22","date_gmt":"2022-08-29T11:39:22","guid":{"rendered":"http:\/\/pkas.cz\/?p=3064"},"modified":"2022-08-29T13:49:33","modified_gmt":"2022-08-29T11:49:33","slug":"mcr-u-22-dvojnasobna-medailova-radost-surakova-a-suche-majercak-v-rekordu-mcr","status":"publish","type":"post","link":"http:\/\/pkas.cz\/?p=3064","title":{"rendered":"M\u010cR U 23 &#8211; Dvojn\u00e1sobn\u00e1 medailov\u00e1 radost Sur\u00e1kov\u00e1 a Such\u00e9, Majer\u010d\u00e1k v rekordu M\u010cR"},"content":{"rendered":"<h1>M\u010cR U 23 &#8211; Dvojn\u00e1sobn\u00e1 medailov\u00e1 radost Sur\u00e1kov\u00e1 a Such\u00e9, Majer\u010d\u00e1k v rekordu M\u010cR<\/h1>\n<p><img loading=\"lazy\" decoding=\"async\" class=\"alignnone size-medium wp-image-3067\" src=\"http:\/\/pkas.cz\/wp-content\/uploads\/2022\/08\/Jakub-Majercak-300x300.jpg\" alt=\"\" width=\"300\" height=\"300\" srcset=\"http:\/\/pkas.cz\/wp-content\/uploads\/2022\/08\/Jakub-Majercak-300x300.jpg 300w, http:\/\/pkas.cz\/wp-content\/uploads\/2022\/08\/Jakub-Majercak-150x150.jpg 150w, http:\/\/pkas.cz\/wp-content\/uploads\/2022\/08\/Jakub-Majercak-768x768.jpg 768w, http:\/\/pkas.cz\/wp-content\/uploads\/2022\/08\/Jakub-Majercak.jpg 843w\" sizes=\"(max-width: 300px) 100vw, 300px\" \/><\/p>\n<p>Zdroj Facebook \u010cesk\u00e1 atletika<\/p>\n<p>Poprv\u00e9 ve sv\u00e9 historii hostilo Brno M\u010cR do 22 let. \u0158adu z\u00e1stupc\u016f m\u011bla i z\u00e1pado\u010desk\u00e1 atletika. Jejich nej\u00fasp\u011b\u0161n\u011bj\u0161\u00ed vystoupen\u00ed si p\u0159ipomeneme v p\u0159ehledu:<\/p>\n<p>Dvojn\u00e1sobn\u00e1 medailov\u00e1 radost:<\/p>\n<p><strong>Anna Sur\u00e1kov\u00e1 v\u00edt\u011bzka v b\u011bhu na 1500m &#8211; 4:24,21 a st\u0159\u00edbrn\u00e1 na 800m &#8211; 2:06,66.<\/strong><\/p>\n<p><strong>Linda Such\u00e1 &#8211; v\u00ed\u011bzka v trojskoku -13,41m a t\u0159et\u00ed v d\u00e1lce za 612 cm.<\/strong><\/p>\n<p>Koment\u00e1\u0159 Lindy po sobotn\u00edm v\u00edt\u011bzstv\u00ed <a href=\"https:\/\/youtu.be\/sYkP3vXRdvg\">ZDE<\/a><\/p>\n<p><strong>Jan \u0160tefela<\/strong> &#8211; k v\u00edt\u011bzstv\u00ed pot\u0159eboval stejn\u011b jako na nedavn\u00e9m ME pouze dva skoky, v Brn\u011b vyhr\u00e1l za 211cm.<\/p>\n<p><strong>Jakub Majer\u010d\u00e1k <\/strong>na\u010dasoval formu v\u00fdte\u010dn\u011b jeden ov\u00e1l prob\u011bhl v rekordu mistrovstv\u00ed 46.70s.<\/p>\n<p>Koment\u00e1\u0159 Jakuba <a href=\"https:\/\/youtu.be\/YGJfD82lOL8\">ZDE<\/a><\/p>\n<p><strong>Jakub Forejt <\/strong>potvrdil roli favorita a disk vyhr\u00e1l za 56,16m.<\/p>\n<p>St\u0159\u00edbro si v kouli na krk pov\u011bsil <strong>Tom\u00e1\u0161 Proch\u00e1zka <\/strong>za osobn\u00ed rekord 16,55m.<\/p>\n<p>S bronzem se musel spokojit<strong> Petra Si\u010dakov\u00e1 <\/strong>v p\u00e1t\u00e9 s\u00e9rii dol\u00e9tl jej\u00ed o\u0161t\u011bp nejd\u00e1le na 47,15m.<\/p>\n<p>\u0160tafety ze \u0160kody Plze\u0148 tentokr\u00e1t braly dv\u011b medaile:<\/p>\n<p>2. m\u00edsto &#8211; <strong>\u0161tafeta 4x100m<\/strong> &#8211; M\u00edka O., P\u00e1n\u00edk M., Peterka J., Re\u017e J. &#8211; 41,63s<\/p>\n<p>3. m\u00edsto <strong>\u0161tafeta 4x 400m<\/strong> &#8211; Dzurov\u00e1 V., Sur\u00e1kov\u00e1 A., Salcmanov\u00e1 K., Matou\u0161kov\u00e1 K. &#8211; 3:49,45<\/p>\n<p>&nbsp;<\/p>\n<p>\u0158adu dal\u0161\u00edch v\u00fdsledk\u016f t\u011bsn\u011b pod stupni v\u00edt\u011bz\u016f naleznete v <a href=\"https:\/\/online.atletika.cz\/vysledky\/48381\/0\/8\">P\u0158EHLEDU<\/a><\/p>\n<p>&nbsp;<\/p>\n<p>&nbsp;<\/p>\n<p>&nbsp;<\/p>\n<p>&nbsp;<\/p>\n","protected":false},"excerpt":{"rendered":"<p>M\u010cR U 23 &#8211; Dvojn\u00e1sobn\u00e1 medailov\u00e1 radost Sur\u00e1kov\u00e1 a Such\u00e9, Majer\u010d\u00e1k v rekordu M\u010cR Zdroj Facebook \u010cesk\u00e1 atletika Poprv\u00e9 ve sv\u00e9 historii hostilo Brno M\u010cR&hellip;<\/p>\n","protected":false},"author":2,"featured_media":3067,"comment_status":"closed","ping_status":"closed","sticky":false,"template":"","format":"standard","meta":{"footnotes":""},"categories":[1],"tags":[],"jetpack_sharing_enabled":true,"jetpack_featured_media_url":"http:\/\/pkas.cz\/wp-content\/uploads\/2022\/08\/Jakub-Majercak.jpg","_links":{"self":[{"href":"http:\/\/pkas.cz\/index.php?rest_route=\/wp\/v2\/posts\/3064"}],"collection":[{"href":"http:\/\/pkas.cz\/index.php?rest_route=\/wp\/v2\/posts"}],"about":[{"href":"http:\/\/pkas.cz\/index.php?rest_route=\/wp\/v2\/types\/post"}],"author":[{"embeddable":true,"href":"http:\/\/pkas.cz\/index.php?rest_route=\/wp\/v2\/users\/2"}],"replies":[{"embeddable":true,"href":"http:\/\/pkas.cz\/index.php?rest_route=%2Fwp%2Fv2%2Fcomments&post=3064"}],"version-history":[{"count":6,"href":"http:\/\/pkas.cz\/index.php?rest_route=\/wp\/v2\/posts\/3064\/revisions"}],"predecessor-version":[{"id":3073,"href":"http:\/\/pkas.cz\/index.php?rest_route=\/wp\/v2\/posts\/3064\/revisions\/3073"}],"wp:featuredmedia":[{"embeddable":true,"href":"http:\/\/pkas.cz\/index.php?rest_route=\/wp\/v2\/media\/3067"}],"wp:attachment":[{"href":"http:\/\/pkas.cz\/index.php?rest_route=%2Fwp%2Fv2%2Fmedia&parent=3064"}],"wp:term":[{"taxonomy":"category","embeddable":true,"href":"http:\/\/pkas.cz\/index.php?rest_route=%2Fwp%2Fv2%2Fcategories&post=3064"},{"taxonomy":"post_tag","embeddable":true,"href":"http:\/\/pkas.cz\/index.php?rest_route=%2Fwp%2Fv2%2Ftags&post=3064"}],"curies":[{"name":"wp","href":"https:\/\/api.w.org\/{rel}","templated":true}]}}