{"id":3061,"date":"2022-08-24T10:29:28","date_gmt":"2022-08-24T08:29:28","guid":{"rendered":"http:\/\/pkas.cz\/?p=3061"},"modified":"2022-08-24T10:29:28","modified_gmt":"2022-08-24T08:29:28","slug":"pozvanka-beh-plzenska-teplarenska","status":"publish","type":"post","link":"http:\/\/pkas.cz\/?p=3061","title":{"rendered":"Pozv\u00e1nka &#8211; B\u011bh Plze\u0148sk\u00e1 tepl\u00e1rensk\u00e1"},"content":{"rendered":"<h1>Pozv\u00e1nka &#8211; B\u011bh Plze\u0148sk\u00e1 tepl\u00e1rensk\u00e1<\/h1>\n<figure id=\"attachment_717\" aria-describedby=\"caption-attachment-717\" style=\"width: 300px\" class=\"wp-caption alignnone\"><img loading=\"lazy\" decoding=\"async\" class=\"size-medium wp-image-717\" src=\"http:\/\/pkas.cz\/wp-content\/uploads\/2020\/01\/PKAS_logo-pr\u016fhledn\u00fd-300x181.png\" alt=\"logo_new\" width=\"300\" height=\"181\" srcset=\"http:\/\/pkas.cz\/wp-content\/uploads\/2020\/01\/PKAS_logo-pr\u016fhledn\u00fd-300x181.png 300w, http:\/\/pkas.cz\/wp-content\/uploads\/2020\/01\/PKAS_logo-pr\u016fhledn\u00fd.png 533w\" sizes=\"(max-width: 300px) 100vw, 300px\" \/><figcaption id=\"caption-attachment-717\" class=\"wp-caption-text\">Nov\u00e9 logo PKAS<\/figcaption><\/figure>\n<p>V sobotu 27. srpna. se uskute\u010dn\u00ed 9. ro\u010dn\u00edk B\u011bhu Plze\u0148sk\u00e9 tepl\u00e1rensk\u00e9 kolem Boleveck\u00fdch rybn\u00edk\u016f. Akce se kon\u00e1 pobl\u00ed\u017e zn\u00e1m\u00e9 pl\u00e1\u017ee Ostende u Velk\u00e9ho rybn\u00edka v Plzni-Bolevci. Tento b\u011bh je ur\u010den pro \u0161irokou ve\u0159ejnost, tr\u00e9novan\u00e9 z\u00e1vodn\u00edky, ale i pro rodiny s d\u011btmi. Tomu jsou p\u0159izp\u016fsobeny i trat\u011b, jejich\u017e spektrum je velmi pestr\u00e9. D\u011bti pob\u011b\u017e\u00ed v z\u00e1vislosti na v\u011bku na trat\u00edch dlouh\u00fdch 300 m, 750 m, 1,1 a 2 km. Pro dosp\u011bl\u00e9 jsou p\u0159ipraven\u00e9 trat\u011b o d\u00e9lk\u00e1ch 2 km, 3,5 km a 5,5 km. V\u0161echny trat\u011b vedou v okol\u00ed rybn\u00edk\u016f lesem po p\u00edskov\u00fdch a lesn\u00edch cest\u00e1ch, \u010d\u00e1ste\u010dn\u011b i po asfaltov\u00fdch komunikac\u00edch bez provozu vozidel.<\/p>\n<p>Registrace \u00fa\u010dastn\u00edk\u016f b\u011bhu v z\u00e1vodn\u00ed kancel\u00e1\u0159i za\u010d\u00edn\u00e1 v 8.30 hod, start prvn\u00ed d\u011btsk\u00e9 kategorie je v 9.30 hod. Z\u00e1vody dosp\u011bl\u00fdch startuj\u00ed v 11.00 hod, 11.30 hod a ve 12.00 hod.<\/p>\n<p>Proto\u017ee je z\u00e1vod sou\u010d\u00e1st\u00ed B\u011b\u017eeck\u00e9ho poh\u00e1ru ml\u00e1de\u017ee Plze\u0148sk\u00e9ho kraje, mohou zde d\u011bti a ml\u00e1de\u017e sb\u00edrat body do celkov\u00e9ho hodnocen\u00ed poh\u00e1ru.<\/p>\n<p>\u00da\u010dastn\u00edci b\u011bhu dostanou ob\u010derstven\u00ed zdarma v podob\u011b p\u00e1rk\u016f a n\u00e1poje, jsou p\u0159ipraveny \u00fa\u010dastnick\u00e9 medaile pro v\u0161echny d\u011bti a doprovodn\u00fd program se sk\u00e1kac\u00edm hradem, malov\u00e1n\u00edm na obli\u010dej a autogrami\u00e1dou Davida Limbersk\u00e9ho, b\u00fdval\u00e9ho kapit\u00e1na FC Viktoria Plze\u0148 a reprezentanta \u010cR. Dal\u0161\u00edmi \u010destn\u00fdmi hosty budou medailista z OH v Sydney v triatlonu Jan \u0158ehula a olympijsk\u00fd v\u00edt\u011bz ve st\u0159elb\u011b z malor\u00e1\u017eky z Mexika 1968 Jan K\u016frka. Na z\u00e1vodn\u00edky \u010dekaj\u00ed atraktivn\u00ed ceny, vyhr\u00e1t mohou i v tombole Plze\u0148sk\u00e9 tepl\u00e1rensk\u00e9. Samoz\u0159ejmost\u00ed je m\u011b\u0159en\u00ed \u010das\u016f a v\u00fdsledkov\u00fd servis pomoc\u00ed \u010dip\u016f.<\/p>\n<p>Velk\u00fdm l\u00e1kadlem pro b\u011b\u017ece jist\u011b bude startovn\u00e9 zdarma. P\u0159esto\u017ee nemus\u00ed b\u011b\u017eci platit startovn\u00e9, doporu\u010dujeme, aby se p\u0159ihl\u00e1sili p\u0159edem na on-line formul\u00e1\u0159i na str\u00e1nk\u00e1ch www.pro-sport.cz. Zde t\u00e9\u017e naleznete podrobn\u00e9 informace k b\u011bhu.<\/p>\n<p>Zveme v\u0161echny p\u0159\u00edznivce b\u011bhu na tuto zaj\u00edmavou akci. P\u0159ij\u010fte se rozlou\u010dit s pr\u00e1zdninami aktivn\u00edm zp\u016fsobem.<\/p>\n","protected":false},"excerpt":{"rendered":"<p>Pozv\u00e1nka &#8211; B\u011bh Plze\u0148sk\u00e1 tepl\u00e1rensk\u00e1 V sobotu 27. srpna. se uskute\u010dn\u00ed 9. ro\u010dn\u00edk B\u011bhu Plze\u0148sk\u00e9 tepl\u00e1rensk\u00e9 kolem Boleveck\u00fdch rybn\u00edk\u016f. Akce se kon\u00e1 pobl\u00ed\u017e zn\u00e1m\u00e9 pl\u00e1\u017ee&hellip;<\/p>\n","protected":false},"author":2,"featured_media":717,"comment_status":"closed","ping_status":"closed","sticky":false,"template":"","format":"standard","meta":{"footnotes":""},"categories":[1],"tags":[],"jetpack_sharing_enabled":true,"jetpack_featured_media_url":"http:\/\/pkas.cz\/wp-content\/uploads\/2020\/01\/PKAS_logo-pr\u016fhledn\u00fd.png","_links":{"self":[{"href":"http:\/\/pkas.cz\/index.php?rest_route=\/wp\/v2\/posts\/3061"}],"collection":[{"href":"http:\/\/pkas.cz\/index.php?rest_route=\/wp\/v2\/posts"}],"about":[{"href":"http:\/\/pkas.cz\/index.php?rest_route=\/wp\/v2\/types\/post"}],"author":[{"embeddable":true,"href":"http:\/\/pkas.cz\/index.php?rest_route=\/wp\/v2\/users\/2"}],"replies":[{"embeddable":true,"href":"http:\/\/pkas.cz\/index.php?rest_route=%2Fwp%2Fv2%2Fcomments&post=3061"}],"version-history":[{"count":1,"href":"http:\/\/pkas.cz\/index.php?rest_route=\/wp\/v2\/posts\/3061\/revisions"}],"predecessor-version":[{"id":3062,"href":"http:\/\/pkas.cz\/index.php?rest_route=\/wp\/v2\/posts\/3061\/revisions\/3062"}],"wp:featuredmedia":[{"embeddable":true,"href":"http:\/\/pkas.cz\/index.php?rest_route=\/wp\/v2\/media\/717"}],"wp:attachment":[{"href":"http:\/\/pkas.cz\/index.php?rest_route=%2Fwp%2Fv2%2Fmedia&parent=3061"}],"wp:term":[{"taxonomy":"category","embeddable":true,"href":"http:\/\/pkas.cz\/index.php?rest_route=%2Fwp%2Fv2%2Fcategories&post=3061"},{"taxonomy":"post_tag","embeddable":true,"href":"http:\/\/pkas.cz\/index.php?rest_route=%2Fwp%2Fv2%2Ftags&post=3061"}],"curies":[{"name":"wp","href":"https:\/\/api.w.org\/{rel}","templated":true}]}}