{"id":3047,"date":"2022-08-21T21:38:07","date_gmt":"2022-08-21T19:38:07","guid":{"rendered":"http:\/\/pkas.cz\/?p=3047"},"modified":"2022-08-21T21:38:07","modified_gmt":"2022-08-21T19:38:07","slug":"mistrovstvi-evropy-v-mnichove-stefela-ve-finale-vysky-sedmy","status":"publish","type":"post","link":"http:\/\/pkas.cz\/?p=3047","title":{"rendered":"Mistrovstv\u00ed Evropy v Mnichov\u011b &#8211; \u0160tefela ve fin\u00e1le v\u00fd\u0161ky sedm\u00fd!"},"content":{"rendered":"<h1>Mistrovstv\u00ed Evropy v Mnichov\u011b &#8211; \u0160tefela ve fin\u00e1le v\u00fd\u0161ky sedm\u00fd!<\/h1>\n<p><img loading=\"lazy\" decoding=\"async\" class=\"alignnone size-medium wp-image-3048\" src=\"http:\/\/pkas.cz\/wp-content\/uploads\/2022\/08\/jan-stefela-300x200.jpg\" alt=\"\" width=\"300\" height=\"200\" srcset=\"http:\/\/pkas.cz\/wp-content\/uploads\/2022\/08\/jan-stefela-300x200.jpg 300w, http:\/\/pkas.cz\/wp-content\/uploads\/2022\/08\/jan-stefela-1024x683.jpg 1024w, http:\/\/pkas.cz\/wp-content\/uploads\/2022\/08\/jan-stefela-768x512.jpg 768w, http:\/\/pkas.cz\/wp-content\/uploads\/2022\/08\/jan-stefela-391x260.jpg 391w, http:\/\/pkas.cz\/wp-content\/uploads\/2022\/08\/jan-stefela.jpg 1224w\" sizes=\"(max-width: 300px) 100vw, 300px\" \/><\/p>\n<p>fotozdroj \u010cesk\u00e1 atletika<\/p>\n<p>Hned \u010dty\u0159i z\u00e1stupci plze\u0148sk\u00e9 \u0160kodovky se dostali do kone\u010dn\u00e9 nominace na ME v Mnichov\u011b.<\/p>\n<p><strong>Jan \u0160tefela<\/strong> se probil s\u00edtem kvalifikace v\u00fd\u0161ky a za v\u00fdkon 221 cm postoupil do fin\u00e1lov\u00e9ho kl\u00e1n\u00ed ME. V mokr\u00e9m fin\u00e1le rozhodoval ka\u017ed\u00fd skok a to hr\u00e1lo Honzovi do karet, kdy\u017e dal 218 cm na prvn\u00ed pokus. Ostatn\u00ed soupe\u0159i tak\u00e9 nebyli \u00fasp\u011b\u0161n\u00ed, a tak je z toho v\u00fdborn\u00e9 7. m\u00edsto v evropsk\u00e9 konkurenci.<\/p>\n<p>Hodnocen\u00ed po \u00fasp\u011b\u0161n\u00e9 kvalifikaci <a href=\"https:\/\/fb.watch\/eYqTk0d7VZ\/\">ZDE<\/a><\/p>\n<p>Hodnocen\u00ed po fin\u00e1le <a href=\"https:\/\/youtu.be\/Cvp2LE4hL74\">ZDE<\/a><\/p>\n<p>Prvn\u00ed se p\u0159edstavila na marat\u00f3nsk\u00e9 trati <strong>Tereza Hrochov\u00e1, <\/strong>kter\u00e1 i p\u0159es probl\u00e9my\u00a0 b\u011bhem\u00a0 z\u00e1vodu dokon\u010dila jako nejlep\u0161\u00ed \u010ce\u0161ka ve startovn\u00ed poli na 23. m\u00edst\u011b v\u00fdkonem 2:36,00.<\/p>\n<p>Na\u0161tvan\u00e1 Tereza Hrochov\u00e1 v hodnocen\u00ed s dal\u0161\u00ed roda\u010dkou ze z\u00e1padn\u00edch \u010cech Marcela Joglovou <a href=\"https:\/\/youtu.be\/EhBZGsaXlio\">ZDE<\/a><\/p>\n<p><strong>Tereza Petr\u017e\u00edlkov\u00e1 <\/strong>m\u016f\u017ee hodnotit mistrovstv\u00ed jako \u00fasp\u011b\u0161n\u00e9, jeliko\u017e se poprv\u00e9 prokousla p\u0159es prvn\u00ed kvalifika\u010dn\u00ed kolo do semifin\u00e1le, kde jej\u00ed cesta skon\u010dila. Terka zaznamenala kone\u010dn\u00e9 18. m\u00edsto s v\u00fdkony 52,35s a 52,38s, co\u017e byly jej\u00ed druh\u00fd a t\u0159et\u00ed kari\u00e9rn\u00ed v\u00fdkony.<\/p>\n<p>Terka se p\u0159edstavila ve \u0161tafet\u011b na 4x400m, kde by \u010dasem postoupil n\u00e1\u0161 kvartet do fin\u00e1le, ale bohu\u017eel n\u00e1sledovala za vy\u0161l\u00e1pnut\u00ed z dr\u00e1hy diskvalifikace.<\/p>\n<p>Hodnocen\u00ed <a href=\"https:\/\/youtu.be\/cmJ5kMNvkLk\">ZDE<\/a><\/p>\n<p><strong>Josef Ad\u00e1mek<\/strong> nepro\u0161el s\u00edtem kvalifikace a zap\u00ed\u0161e si jedin\u00fd platn\u00fd pokus 212 cm a 21. m\u00edsto.<\/p>\n<p>&nbsp;<\/p>\n","protected":false},"excerpt":{"rendered":"<p>Mistrovstv\u00ed Evropy v Mnichov\u011b &#8211; \u0160tefela ve fin\u00e1le v\u00fd\u0161ky sedm\u00fd! fotozdroj \u010cesk\u00e1 atletika Hned \u010dty\u0159i z\u00e1stupci plze\u0148sk\u00e9 \u0160kodovky se dostali do kone\u010dn\u00e9 nominace na ME&hellip;<\/p>\n","protected":false},"author":2,"featured_media":3048,"comment_status":"closed","ping_status":"closed","sticky":false,"template":"","format":"standard","meta":{"footnotes":""},"categories":[1],"tags":[],"jetpack_sharing_enabled":true,"jetpack_featured_media_url":"http:\/\/pkas.cz\/wp-content\/uploads\/2022\/08\/jan-stefela.jpg","_links":{"self":[{"href":"http:\/\/pkas.cz\/index.php?rest_route=\/wp\/v2\/posts\/3047"}],"collection":[{"href":"http:\/\/pkas.cz\/index.php?rest_route=\/wp\/v2\/posts"}],"about":[{"href":"http:\/\/pkas.cz\/index.php?rest_route=\/wp\/v2\/types\/post"}],"author":[{"embeddable":true,"href":"http:\/\/pkas.cz\/index.php?rest_route=\/wp\/v2\/users\/2"}],"replies":[{"embeddable":true,"href":"http:\/\/pkas.cz\/index.php?rest_route=%2Fwp%2Fv2%2Fcomments&post=3047"}],"version-history":[{"count":2,"href":"http:\/\/pkas.cz\/index.php?rest_route=\/wp\/v2\/posts\/3047\/revisions"}],"predecessor-version":[{"id":3055,"href":"http:\/\/pkas.cz\/index.php?rest_route=\/wp\/v2\/posts\/3047\/revisions\/3055"}],"wp:featuredmedia":[{"embeddable":true,"href":"http:\/\/pkas.cz\/index.php?rest_route=\/wp\/v2\/media\/3048"}],"wp:attachment":[{"href":"http:\/\/pkas.cz\/index.php?rest_route=%2Fwp%2Fv2%2Fmedia&parent=3047"}],"wp:term":[{"taxonomy":"category","embeddable":true,"href":"http:\/\/pkas.cz\/index.php?rest_route=%2Fwp%2Fv2%2Fcategories&post=3047"},{"taxonomy":"post_tag","embeddable":true,"href":"http:\/\/pkas.cz\/index.php?rest_route=%2Fwp%2Fv2%2Ftags&post=3047"}],"curies":[{"name":"wp","href":"https:\/\/api.w.org\/{rel}","templated":true}]}}