{"id":3042,"date":"2022-08-08T08:08:17","date_gmt":"2022-08-08T06:08:17","guid":{"rendered":"http:\/\/pkas.cz\/?p=3042"},"modified":"2022-08-07T08:37:11","modified_gmt":"2022-08-07T06:37:11","slug":"chodska-1500-mezinarodni-mitink-om-zactva-a-pohar-mladeze","status":"publish","type":"post","link":"http:\/\/pkas.cz\/?p=3042","title":{"rendered":"Chodsk\u00e1 1500 &#8211; mezin\u00e1rodn\u00ed m\u00edtink, OM \u017eactva a Poh\u00e1r ml\u00e1de\u017ee"},"content":{"rendered":"<h1>Chodsk\u00e1 1500 &#8211; mezin\u00e1rodn\u00ed m\u00edtink, OM \u017eactva a Poh\u00e1r ml\u00e1de\u017ee<\/h1>\n<figure id=\"attachment_717\" aria-describedby=\"caption-attachment-717\" style=\"width: 300px\" class=\"wp-caption alignnone\"><img loading=\"lazy\" decoding=\"async\" class=\"size-medium wp-image-717\" src=\"http:\/\/pkas.cz\/wp-content\/uploads\/2020\/01\/PKAS_logo-pr\u016fhledn\u00fd-300x181.png\" alt=\"logo_new\" width=\"300\" height=\"181\" srcset=\"http:\/\/pkas.cz\/wp-content\/uploads\/2020\/01\/PKAS_logo-pr\u016fhledn\u00fd-300x181.png 300w, http:\/\/pkas.cz\/wp-content\/uploads\/2020\/01\/PKAS_logo-pr\u016fhledn\u00fd.png 533w\" sizes=\"(max-width: 300px) 100vw, 300px\" \/><figcaption id=\"caption-attachment-717\" class=\"wp-caption-text\">Nov\u00e9 logo PKAS<\/figcaption><\/figure>\n<p>Po letn\u00edch reprezenta\u010dn\u00edch akc\u00edch sez\u00f3na pomalu zahajuje svoji druhou \u010d\u00e1st i v na\u0161em regionu. Tradi\u010dn\u011b po\u0159adatel\u00e9 v Doma\u017elic\u00edch p\u0159ipravili na 14. srpna 57. ro\u010dn\u00edk Chodsk\u00e9 1500. Krom\u011b mezin\u00e1rodn\u00edho m\u00edtinku\u00a0 na 100m, 300m, a 1500m a ve v\u00fd\u0161ce je zde na programu tak\u00e9 mistrovstv\u00ed kraje na 1500m \u017e\u00e1k\u016f a \u017e\u00e1ky\u0148. Tak\u00e9 zde pokra\u010duje B\u011b\u017eeck\u00fd poh\u00e1r ml\u00e1de\u017ee Plze\u0148sk\u00e9ho kraje sv\u00fdm p\u00e1t\u00fdm zastaven\u00edm.<\/p>\n<p>P\u0159in\u00e1\u0161\u00edme <a href=\"https:\/\/online.atletika.cz\/Propozice\/propozice\/63246\">PROPOZICE<\/a><\/p>\n<p>&nbsp;<\/p>\n<p>&nbsp;<\/p>\n","protected":false},"excerpt":{"rendered":"<p>Chodsk\u00e1 1500 &#8211; mezin\u00e1rodn\u00ed m\u00edtink, OM \u017eactva a Poh\u00e1r ml\u00e1de\u017ee Po letn\u00edch reprezenta\u010dn\u00edch akc\u00edch sez\u00f3na pomalu zahajuje svoji druhou \u010d\u00e1st i v na\u0161em regionu. Tradi\u010dn\u011b&hellip;<\/p>\n","protected":false},"author":2,"featured_media":717,"comment_status":"closed","ping_status":"closed","sticky":false,"template":"","format":"standard","meta":{"footnotes":""},"categories":[1],"tags":[],"jetpack_sharing_enabled":true,"jetpack_featured_media_url":"http:\/\/pkas.cz\/wp-content\/uploads\/2020\/01\/PKAS_logo-pr\u016fhledn\u00fd.png","_links":{"self":[{"href":"http:\/\/pkas.cz\/index.php?rest_route=\/wp\/v2\/posts\/3042"}],"collection":[{"href":"http:\/\/pkas.cz\/index.php?rest_route=\/wp\/v2\/posts"}],"about":[{"href":"http:\/\/pkas.cz\/index.php?rest_route=\/wp\/v2\/types\/post"}],"author":[{"embeddable":true,"href":"http:\/\/pkas.cz\/index.php?rest_route=\/wp\/v2\/users\/2"}],"replies":[{"embeddable":true,"href":"http:\/\/pkas.cz\/index.php?rest_route=%2Fwp%2Fv2%2Fcomments&post=3042"}],"version-history":[{"count":1,"href":"http:\/\/pkas.cz\/index.php?rest_route=\/wp\/v2\/posts\/3042\/revisions"}],"predecessor-version":[{"id":3043,"href":"http:\/\/pkas.cz\/index.php?rest_route=\/wp\/v2\/posts\/3042\/revisions\/3043"}],"wp:featuredmedia":[{"embeddable":true,"href":"http:\/\/pkas.cz\/index.php?rest_route=\/wp\/v2\/media\/717"}],"wp:attachment":[{"href":"http:\/\/pkas.cz\/index.php?rest_route=%2Fwp%2Fv2%2Fmedia&parent=3042"}],"wp:term":[{"taxonomy":"category","embeddable":true,"href":"http:\/\/pkas.cz\/index.php?rest_route=%2Fwp%2Fv2%2Fcategories&post=3042"},{"taxonomy":"post_tag","embeddable":true,"href":"http:\/\/pkas.cz\/index.php?rest_route=%2Fwp%2Fv2%2Ftags&post=3042"}],"curies":[{"name":"wp","href":"https:\/\/api.w.org\/{rel}","templated":true}]}}