{"id":3039,"date":"2022-08-07T08:03:09","date_gmt":"2022-08-07T06:03:09","guid":{"rendered":"http:\/\/pkas.cz\/?p=3039"},"modified":"2022-08-07T08:03:09","modified_gmt":"2022-08-07T06:03:09","slug":"na-mezistatnim-trojutkani-u22-v-madarsku-i-rada-nasich-reprezentantu","status":"publish","type":"post","link":"http:\/\/pkas.cz\/?p=3039","title":{"rendered":"Na Mezist\u00e1tn\u00edm trojutk\u00e1n\u00ed U22 v Ma\u010farsku i \u0159ada na\u0161ich reprezentant\u016f"},"content":{"rendered":"<h1>Na Mezist\u00e1tn\u00edm trojutk\u00e1n\u00ed U22 v Ma\u010farsku i \u0159ada na\u0161ich reprezentant\u016f<\/h1>\n<p><img loading=\"lazy\" decoding=\"async\" class=\"alignnone size-medium wp-image-3040\" src=\"http:\/\/pkas.cz\/wp-content\/uploads\/2022\/08\/FOTO-Z-muu22-300x300.jpg\" alt=\"\" width=\"300\" height=\"300\" srcset=\"http:\/\/pkas.cz\/wp-content\/uploads\/2022\/08\/FOTO-Z-muu22-300x300.jpg 300w, http:\/\/pkas.cz\/wp-content\/uploads\/2022\/08\/FOTO-Z-muu22-150x150.jpg 150w, http:\/\/pkas.cz\/wp-content\/uploads\/2022\/08\/FOTO-Z-muu22-768x768.jpg 768w, http:\/\/pkas.cz\/wp-content\/uploads\/2022\/08\/FOTO-Z-muu22.jpg 843w\" sizes=\"(max-width: 300px) 100vw, 300px\" \/><\/p>\n<p>FOTO FACEBOOK AK \u0160KODA PLZE\u0147<\/p>\n<p>Hned 11 reprezentant\u016f z na\u0161eho regionu se p\u0159edstavilo na MU U 22 v Ma\u010farsku.<\/p>\n<p>P\u0159in\u00e1\u0161\u00edme p\u0159ehled v\u00fdsledk\u016f<\/p>\n<p><strong>Linda Such\u00e1<\/strong> vyhr\u00e1la d\u00e1lku i trojskok. V d\u00e1lce zaznamenala nejlep\u0161\u00ed pokus 615 cm a v trojskoku 13,19m.<\/p>\n<p><strong>Jakub Forejt<\/strong> zv\u00edt\u011bzil v disku za v\u00fdkon 55,03m a byl p\u00e1t\u00fd v kouli za 17,04m.<\/p>\n<p><strong>Jakub David\u00edk<\/strong> vyhr\u00e1l 1500m za 3:48,04.<\/p>\n<p><strong>Anna Sur\u00e1kov\u00e1<\/strong> druh\u00e1 na 1500m za 4:24,57.<\/p>\n<p><strong>Tereza Schejbalov\u00e1<\/strong> druh\u00e1 za v\u00fdkon 380 cm ve skoku o ty\u010di.<\/p>\n<p><strong>Jan \u0160tefela<\/strong> p\u0159ekonal 210 cm a skon\u010dil t\u0159et\u00ed.<\/p>\n<p><strong>Matou\u0161 Posp\u00ed\u0161il <\/strong>obsadil \u010dtvrt\u00e9 m\u00edsto za v\u00fdkon 15,06m<\/p>\n<p><strong>Kate\u0159ina \u0160\u0165astn\u00e1 <\/strong>p\u00e1t\u00e9 m\u00edsto v o\u0161t\u011bpu za 42,42m.<\/p>\n<p><strong>Marek P\u00e1n\u00edk <\/strong>p\u00e1t\u00fd na p\u0159ek\u00e1\u017ek\u00e1ch za v\u00fdkon 14,73s.<\/p>\n<p><strong>Jakub Re\u017e<\/strong> p\u00e1t\u00fd na 100m za v\u00fdkon 10,85m a t\u0159et\u00ed se tafetou 4x100m &#8211; 40,20s.<\/p>\n<p><strong>Jakub Majer\u010d\u00e1k<\/strong> startuj\u00edc\u00ed ve \u0161tafet\u011b na 4x400m bral t\u0159et\u00ed m\u00edsto za 3:09,60.<\/p>\n<p><a href=\"https:\/\/atletika.hu\/live-results\/945\">KOMPLETN\u00cd V\u00ddSLEDKY<\/a><\/p>\n<p>&nbsp;<\/p>\n","protected":false},"excerpt":{"rendered":"<p>Na Mezist\u00e1tn\u00edm trojutk\u00e1n\u00ed U22 v Ma\u010farsku i \u0159ada na\u0161ich reprezentant\u016f FOTO FACEBOOK AK \u0160KODA PLZE\u0147 Hned 11 reprezentant\u016f z na\u0161eho regionu se p\u0159edstavilo na MU&hellip;<\/p>\n","protected":false},"author":2,"featured_media":3040,"comment_status":"closed","ping_status":"closed","sticky":false,"template":"","format":"standard","meta":{"footnotes":""},"categories":[1],"tags":[],"jetpack_sharing_enabled":true,"jetpack_featured_media_url":"http:\/\/pkas.cz\/wp-content\/uploads\/2022\/08\/FOTO-Z-muu22.jpg","_links":{"self":[{"href":"http:\/\/pkas.cz\/index.php?rest_route=\/wp\/v2\/posts\/3039"}],"collection":[{"href":"http:\/\/pkas.cz\/index.php?rest_route=\/wp\/v2\/posts"}],"about":[{"href":"http:\/\/pkas.cz\/index.php?rest_route=\/wp\/v2\/types\/post"}],"author":[{"embeddable":true,"href":"http:\/\/pkas.cz\/index.php?rest_route=\/wp\/v2\/users\/2"}],"replies":[{"embeddable":true,"href":"http:\/\/pkas.cz\/index.php?rest_route=%2Fwp%2Fv2%2Fcomments&post=3039"}],"version-history":[{"count":1,"href":"http:\/\/pkas.cz\/index.php?rest_route=\/wp\/v2\/posts\/3039\/revisions"}],"predecessor-version":[{"id":3041,"href":"http:\/\/pkas.cz\/index.php?rest_route=\/wp\/v2\/posts\/3039\/revisions\/3041"}],"wp:featuredmedia":[{"embeddable":true,"href":"http:\/\/pkas.cz\/index.php?rest_route=\/wp\/v2\/media\/3040"}],"wp:attachment":[{"href":"http:\/\/pkas.cz\/index.php?rest_route=%2Fwp%2Fv2%2Fmedia&parent=3039"}],"wp:term":[{"taxonomy":"category","embeddable":true,"href":"http:\/\/pkas.cz\/index.php?rest_route=%2Fwp%2Fv2%2Fcategories&post=3039"},{"taxonomy":"post_tag","embeddable":true,"href":"http:\/\/pkas.cz\/index.php?rest_route=%2Fwp%2Fv2%2Ftags&post=3039"}],"curies":[{"name":"wp","href":"https:\/\/api.w.org\/{rel}","templated":true}]}}