{"id":3036,"date":"2022-08-07T07:38:36","date_gmt":"2022-08-07T05:38:36","guid":{"rendered":"http:\/\/pkas.cz\/?p=3036"},"modified":"2022-08-07T07:38:36","modified_gmt":"2022-08-07T05:38:36","slug":"michal-haidelmeier-se-stafetou-ve-finale-ms-u-20","status":"publish","type":"post","link":"http:\/\/pkas.cz\/?p=3036","title":{"rendered":"Michal Haidelmeier se \u0161tafetou ve fin\u00e1le MS U 20"},"content":{"rendered":"<h1>Michal Haidelmeier se \u0161tafetou ve fin\u00e1le MS U 20<\/h1>\n<p><img loading=\"lazy\" decoding=\"async\" class=\"alignnone size-medium wp-image-3037\" src=\"http:\/\/pkas.cz\/wp-content\/uploads\/2022\/08\/haidelmeier-300x200.jpg\" alt=\"\" width=\"300\" height=\"200\" srcset=\"http:\/\/pkas.cz\/wp-content\/uploads\/2022\/08\/haidelmeier-300x200.jpg 300w, http:\/\/pkas.cz\/wp-content\/uploads\/2022\/08\/haidelmeier-1024x683.jpg 1024w, http:\/\/pkas.cz\/wp-content\/uploads\/2022\/08\/haidelmeier-768x512.jpg 768w, http:\/\/pkas.cz\/wp-content\/uploads\/2022\/08\/haidelmeier-391x260.jpg 391w, http:\/\/pkas.cz\/wp-content\/uploads\/2022\/08\/haidelmeier.jpg 1224w\" sizes=\"(max-width: 300px) 100vw, 300px\" \/><\/p>\n<p>foto facebook AK \u0160KODA Plze\u0148, \u00fa\u015bp\u011b\u0161n\u00e1 \u0161tafeta po postupu do fin\u00e1le<\/p>\n<p>V nominaci na Mistrovstv\u00ed sv\u011bta U 20 p\u016fvodn\u011b figurovali t\u0159i na\u0161i atleti. Nakonec do c\u00edle v kolumbijsk\u00e9m Cali se bohu\u017eel jen <strong>Michal Haidelmeier<\/strong>, kter\u00fd nastoupil v b\u011bhu na 400m a \u0161tafet\u011b 4x400m.<\/p>\n<p>Michal po zran\u011bn\u00ed se teprve dost\u00e1v\u00e1 op\u011bt do formy, a tak v individu\u00e1ln\u00edm z\u00e1vod\u011b nepostoupil z rozb\u011bhu a obsadil 27. m\u00edsto za v\u00fdkon\u00a0 47,70s. Co se nepovedlo Michalovi samotn\u00e9mu, povedlo se mu v t\u00fdmov\u00e9m pojet\u00ed. Spole\u010dn\u011b s dal\u0161\u00edmi \u010desk\u00fdmi reprezentanty vytvo\u0159ili nov\u00fd juniorsk\u00fd \u010desk\u00fd rekord v rozb\u011bhu na 4x400m &#8211; 3:07,48 a postoupili do fin\u00e1le, kde obsadili 7. m\u00edsto v\u00fdkonem 3:09, 36.<\/p>\n<p>Hodnocen\u00ed fin\u00e1le <a href=\"https:\/\/youtu.be\/07H9OzzMXNM\">ZDE<\/a><\/p>\n<p>Dal\u0161\u00edm na\u0161im reprezentant\u016fm nep\u0159\u00e1lo zdrav\u00ed. Chodec <strong>Jarom\u00edr Mor\u00e1vek<\/strong> se pot\u00fdkal s teplotami a nemoc\u00ed od sam\u00e9ho za\u010d\u00e1tku pobytu. Na start se sice postavil, ale z\u00e1vod musel nakonec vzd\u00e1t.<\/p>\n<p>O\u0161t\u011bpa\u0159ka<strong> Petra Si\u010dakov\u00e1 <\/strong>dokonce onemocn\u011bla t\u011bsn\u011b p\u0159ed odjezdem na mistrovstv\u00ed sv\u011bta a ve v\u00fdprav\u011b chyb\u011bla \u00fapln\u011b.<\/p>\n<p><a href=\"https:\/\/www.worldathletics.org\/competitions\/world-athletics-u20-championships\/cali22\/timetable\">V\u00ddSLEDKY Z KOLUMBIE<\/a><\/p>\n<p>&nbsp;<\/p>\n","protected":false},"excerpt":{"rendered":"<p>Michal Haidelmeier se \u0161tafetou ve fin\u00e1le MS U 20 foto facebook AK \u0160KODA Plze\u0148, \u00fa\u015bp\u011b\u0161n\u00e1 \u0161tafeta po postupu do fin\u00e1le V nominaci na Mistrovstv\u00ed sv\u011bta&hellip;<\/p>\n","protected":false},"author":2,"featured_media":3037,"comment_status":"closed","ping_status":"closed","sticky":false,"template":"","format":"standard","meta":{"footnotes":""},"categories":[1],"tags":[],"jetpack_sharing_enabled":true,"jetpack_featured_media_url":"http:\/\/pkas.cz\/wp-content\/uploads\/2022\/08\/haidelmeier.jpg","_links":{"self":[{"href":"http:\/\/pkas.cz\/index.php?rest_route=\/wp\/v2\/posts\/3036"}],"collection":[{"href":"http:\/\/pkas.cz\/index.php?rest_route=\/wp\/v2\/posts"}],"about":[{"href":"http:\/\/pkas.cz\/index.php?rest_route=\/wp\/v2\/types\/post"}],"author":[{"embeddable":true,"href":"http:\/\/pkas.cz\/index.php?rest_route=\/wp\/v2\/users\/2"}],"replies":[{"embeddable":true,"href":"http:\/\/pkas.cz\/index.php?rest_route=%2Fwp%2Fv2%2Fcomments&post=3036"}],"version-history":[{"count":1,"href":"http:\/\/pkas.cz\/index.php?rest_route=\/wp\/v2\/posts\/3036\/revisions"}],"predecessor-version":[{"id":3038,"href":"http:\/\/pkas.cz\/index.php?rest_route=\/wp\/v2\/posts\/3036\/revisions\/3038"}],"wp:featuredmedia":[{"embeddable":true,"href":"http:\/\/pkas.cz\/index.php?rest_route=\/wp\/v2\/media\/3037"}],"wp:attachment":[{"href":"http:\/\/pkas.cz\/index.php?rest_route=%2Fwp%2Fv2%2Fmedia&parent=3036"}],"wp:term":[{"taxonomy":"category","embeddable":true,"href":"http:\/\/pkas.cz\/index.php?rest_route=%2Fwp%2Fv2%2Fcategories&post=3036"},{"taxonomy":"post_tag","embeddable":true,"href":"http:\/\/pkas.cz\/index.php?rest_route=%2Fwp%2Fv2%2Ftags&post=3036"}],"curies":[{"name":"wp","href":"https:\/\/api.w.org\/{rel}","templated":true}]}}