{"id":3027,"date":"2022-08-02T06:30:08","date_gmt":"2022-08-02T04:30:08","guid":{"rendered":"http:\/\/pkas.cz\/?p=3027"},"modified":"2022-08-02T06:46:30","modified_gmt":"2022-08-02T04:46:30","slug":"olympijsky-festival-mladeze-tri-medaiile-zapadocechu","status":"publish","type":"post","link":"http:\/\/pkas.cz\/?p=3027","title":{"rendered":"Olympijsk\u00fd festival ml\u00e1de\u017ee:: T\u0159\u00ed medaiile Z\u00e1pado\u010dech\u016f!"},"content":{"rendered":"<h1>Olympijsk\u00fd festival ml\u00e1de\u017ee:: T\u0159\u00ed medaile Z\u00e1pado\u010dech\u016f!<\/h1>\n<p><img loading=\"lazy\" decoding=\"async\" class=\"alignnone size-medium wp-image-3028\" src=\"http:\/\/pkas.cz\/wp-content\/uploads\/2022\/08\/eyof2022-240x300.jpg\" alt=\"\" width=\"240\" height=\"300\" srcset=\"http:\/\/pkas.cz\/wp-content\/uploads\/2022\/08\/eyof2022-240x300.jpg 240w, http:\/\/pkas.cz\/wp-content\/uploads\/2022\/08\/eyof2022-819x1024.jpg 819w, http:\/\/pkas.cz\/wp-content\/uploads\/2022\/08\/eyof2022-768x960.jpg 768w, http:\/\/pkas.cz\/wp-content\/uploads\/2022\/08\/eyof2022-1229x1536.jpg 1229w, http:\/\/pkas.cz\/wp-content\/uploads\/2022\/08\/eyof2022.jpg 1612w\" sizes=\"(max-width: 240px) 100vw, 240px\" \/><\/p>\n<h1><img loading=\"lazy\" decoding=\"async\" class=\"alignnone size-medium wp-image-3033\" src=\"http:\/\/pkas.cz\/wp-content\/uploads\/2022\/08\/JANSKA-169x300.jpg\" alt=\"\" width=\"169\" height=\"300\" srcset=\"http:\/\/pkas.cz\/wp-content\/uploads\/2022\/08\/JANSKA-169x300.jpg 169w, http:\/\/pkas.cz\/wp-content\/uploads\/2022\/08\/JANSKA.jpg 526w\" sizes=\"(max-width: 169px) 100vw, 169px\" \/><\/h1>\n<h1><img loading=\"lazy\" decoding=\"async\" class=\"alignnone size-medium wp-image-3030\" src=\"http:\/\/pkas.cz\/wp-content\/uploads\/2022\/08\/SKARBAN-300x157.jpg\" alt=\"\" width=\"300\" height=\"157\" srcset=\"http:\/\/pkas.cz\/wp-content\/uploads\/2022\/08\/SKARBAN-300x157.jpg 300w, http:\/\/pkas.cz\/wp-content\/uploads\/2022\/08\/SKARBAN.jpg 500w\" sizes=\"(max-width: 300px) 100vw, 300px\" \/><\/h1>\n<p>Fotozdroj AK \u0160KODA Plze\u0148<\/p>\n<p>Skv\u011bl\u00e9 vystoupen\u00ed maj\u00ed za sebou na olympijsk\u00e9m festivalu ml\u00e1de\u017ee \u010de\u0161t\u00ed reprezentanti z na\u0161eho regionu. EYOF se konal tzv. hned za humny ve slovensk\u00e9 Bansk\u00e9 Bystrici a v leto\u0161n\u00edm roce to byl festival vyps\u00e1n pro kategorii 15 a 16 let\u00fdch.<\/p>\n<p>P\u0159ehled V\u00ddSLEDK\u016e:<\/p>\n<div dir=\"auto\"><strong>Jan \u0160karban<\/strong> \u2013 St\u0159\u00edbro 2000 m p\u0159. (5:47,96), tento v\u00fdkon je pouhou sekundu za \u010desk\u00fdm rekordem fenomen\u00e1ln\u00edho Jakuba Holu\u0161i.<\/div>\n<div dir=\"auto\"><strong>Karol\u00edna Machov\u00e1<\/strong> \u2013 St\u0159\u00edbro &#8211; vrh koul\u00ed (15,87 m). Karol\u00edna svoji formu na\u010dasovala par\u00e1dn\u011b a je z toho skv\u011bl\u00fd nov\u00fd osobn\u00ed rekord a z\u00e1rove\u0148 p\u0159ekon\u00e1n\u00ed 18 let star\u00e9ho krajsk\u00e9ho rekordu<\/div>\n<div dir=\"auto\"><strong>Viktorie J\u00e1nsk\u00e1<\/strong> \u2013 Bronz skok dalek\u00fd (573 cm), 4. m\u00edsto \u0161tafeta , 5. m\u00edsto 100 m p\u0159. (13,84 s) &#8211; Viki z\u00e1vodila ji\u017e na druh\u00e9 akci a kone\u010dn\u011b se do\u010dkala i vytou\u017een\u00e9 medaile, i kdy\u017e z m\u00e9n\u011b o\u010dek\u00e1van\u00e9 discipl\u00edny &#8211; skoku dalek\u00e9ho<\/div>\n<div dir=\"auto\"><strong>Jon\u00e1\u0161 Fleisig<\/strong> \u2013 4. m\u00edsto \u0161tafeta 1-2-3-4, 6. m\u00edsto 200 m (22,52 s) &#8211; Jon\u00e1\u0161 se probojoval a\u017e do fin\u00e1lov\u00e9ho kl\u00e1n\u00ed a dopomohl \u0161tafet\u011b bohu\u017eel k t\u011bsn\u00e9mu 4 m\u00edstu.<\/div>\n<div dir=\"auto\"><strong>Ad\u00e9la Han\u00e1kov\u00e1<\/strong> \u2013 6. m\u00edsto sedmiboj (4895 b.) &#8211; Ad\u00e9la si zpravila chu\u0165 po nepoveden\u00e9m M\u010cR a na EYOF brala \u0161est\u00e9 m\u00edsto<\/div>\n<p>\u00dasp\u011bch\u016f region\u00e1ln\u00edch atlet\u016f si v\u0161\u00edmaj\u00ed i m\u00e9dia, DEN\u00cdK napsal: <a href=\"http:\/\/Zdroj: https:\/\/plzensky.denik.cz\/ostatni_region\/parada-atlet-skody-plzen-jan-skarban-veze-se-slovenska-evropske-stribro-20220801.html?fbclid=IwAR1CukDPvakvuRJFIjb33zI6VsecNIExjjSlmAzt3gb06bIQ4ybkv94C0M0\">Par\u00e1da! Atlet \u0160kody Plze\u0148 Jan \u0160karban veze ze Slovenska evropsk\u00e9 st\u0159\u00edbro<\/a><\/p>\n<p><a href=\"https:\/\/results.onlinesystem.cz\/ResultsAthletic\/Index?idK=48379&amp;discType=0&amp;stats=7\">KOMPLETN\u00cd V\u00ddSLEDKY<\/a><\/p>\n<p>&nbsp;<\/p>\n<p>&nbsp;<\/p>\n<p>&nbsp;<\/p>\n","protected":false},"excerpt":{"rendered":"<p>Olympijsk\u00fd festival ml\u00e1de\u017ee:: T\u0159\u00ed medaile Z\u00e1pado\u010dech\u016f! Fotozdroj AK \u0160KODA Plze\u0148 Skv\u011bl\u00e9 vystoupen\u00ed maj\u00ed za sebou na olympijsk\u00e9m festivalu ml\u00e1de\u017ee \u010de\u0161t\u00ed reprezentanti z na\u0161eho regionu. EYOF&hellip;<\/p>\n","protected":false},"author":2,"featured_media":3030,"comment_status":"closed","ping_status":"closed","sticky":false,"template":"","format":"standard","meta":{"footnotes":""},"categories":[1],"tags":[],"jetpack_sharing_enabled":true,"jetpack_featured_media_url":"http:\/\/pkas.cz\/wp-content\/uploads\/2022\/08\/SKARBAN.jpg","_links":{"self":[{"href":"http:\/\/pkas.cz\/index.php?rest_route=\/wp\/v2\/posts\/3027"}],"collection":[{"href":"http:\/\/pkas.cz\/index.php?rest_route=\/wp\/v2\/posts"}],"about":[{"href":"http:\/\/pkas.cz\/index.php?rest_route=\/wp\/v2\/types\/post"}],"author":[{"embeddable":true,"href":"http:\/\/pkas.cz\/index.php?rest_route=\/wp\/v2\/users\/2"}],"replies":[{"embeddable":true,"href":"http:\/\/pkas.cz\/index.php?rest_route=%2Fwp%2Fv2%2Fcomments&post=3027"}],"version-history":[{"count":5,"href":"http:\/\/pkas.cz\/index.php?rest_route=\/wp\/v2\/posts\/3027\/revisions"}],"predecessor-version":[{"id":3035,"href":"http:\/\/pkas.cz\/index.php?rest_route=\/wp\/v2\/posts\/3027\/revisions\/3035"}],"wp:featuredmedia":[{"embeddable":true,"href":"http:\/\/pkas.cz\/index.php?rest_route=\/wp\/v2\/media\/3030"}],"wp:attachment":[{"href":"http:\/\/pkas.cz\/index.php?rest_route=%2Fwp%2Fv2%2Fmedia&parent=3027"}],"wp:term":[{"taxonomy":"category","embeddable":true,"href":"http:\/\/pkas.cz\/index.php?rest_route=%2Fwp%2Fv2%2Fcategories&post=3027"},{"taxonomy":"post_tag","embeddable":true,"href":"http:\/\/pkas.cz\/index.php?rest_route=%2Fwp%2Fv2%2Ftags&post=3027"}],"curies":[{"name":"wp","href":"https:\/\/api.w.org\/{rel}","templated":true}]}}