{"id":3015,"date":"2022-07-21T15:55:42","date_gmt":"2022-07-21T13:55:42","guid":{"rendered":"http:\/\/pkas.cz\/?p=3015"},"modified":"2022-07-21T16:51:00","modified_gmt":"2022-07-21T14:51:00","slug":"tereza-hrochova-17-na-mistrovstvi-sveta","status":"publish","type":"post","link":"http:\/\/pkas.cz\/?p=3015","title":{"rendered":"Tereza Hrochov\u00e1 17. na mistrovstv\u00ed sv\u011bta"},"content":{"rendered":"<h1>Tereza Hrochov\u00e1 17. na mistrovstv\u00ed sv\u011bta<\/h1>\n<p><img loading=\"lazy\" decoding=\"async\" class=\"alignnone size-medium wp-image-3016\" src=\"http:\/\/pkas.cz\/wp-content\/uploads\/2022\/07\/HROCHOVA-MS2022-300x200.jpg\" alt=\"\" width=\"300\" height=\"200\" srcset=\"http:\/\/pkas.cz\/wp-content\/uploads\/2022\/07\/HROCHOVA-MS2022-300x200.jpg 300w, http:\/\/pkas.cz\/wp-content\/uploads\/2022\/07\/HROCHOVA-MS2022-391x260.jpg 391w, http:\/\/pkas.cz\/wp-content\/uploads\/2022\/07\/HROCHOVA-MS2022.jpg 600w\" sizes=\"(max-width: 300px) 100vw, 300px\" \/><\/p>\n<p>fotozdroj atletika.cz<\/p>\n<p>V americk\u00e9m Eugene prob\u00edh\u00e1 od 15. do 24. 7. mistrovsv\u00ed sv\u011bta a v reprezenta\u010dn\u00edm dresu zde m\u00e1me jedno z\u00e1pado\u010desk\u00e9 \u017eel\u00edzko. Jedna z nejlep\u0161\u00edch sou\u010dasn\u00fdch vytrvalky\u0148 &#8211; Tereza Hrochov\u00e1 se postavila pot\u0159et\u00ed v historii na start marat\u00f3nsk\u00e9ho z\u00e1vodu.<\/p>\n<p>Start maratonu \u017een byl stejn\u011b jako u mu\u017e\u016f napl\u00e1nov\u00e1n na 6:15 r\u00e1no oregonsk\u00e9ho \u010dasu. B\u011b\u017ekyn\u011b tak m\u011bly velmi dobr\u00e9 podm\u00ednky k tomu, aby mohly b\u011b\u017eet rychl\u00e9 \u010dasy. Tereza Hrochov\u00e1 se v prvn\u00ed polovin\u011b z\u00e1vodu pohybovala ve skupince okolo t\u0159ic\u00e1t\u00e9ho m\u00edsta a metou p\u016flmaratonu prob\u00edhala v mezi\u010dase 1:14:52. N\u00e1sledn\u011b se za\u010dala postupn\u011b pr\u016fb\u011b\u017en\u00fdm po\u0159ad\u00edm prokous\u00e1vat vzh\u016fru a c\u00edlem nakonec prob\u011bhla na vynikaj\u00edc\u00edm sedmn\u00e1ct\u00e9m m\u00edst\u011b v druh\u00e9m nejlep\u0161\u00edm kari\u00e9rn\u00edm \u010dase 2:30:39. Oproti olympijsk\u00fdm hr\u00e1m tak bude z Eugene odj\u00ed\u017ed\u011bt jist\u011b spokojena, napsali na webu atletika.cz<\/p>\n<p>Prvn\u00ed dojmy ze z\u00e1vodu naleznete i v odkazu <a href=\"https:\/\/youtu.be\/c3yGwg9Af1U\">ZDE<\/a><\/p>\n<p><a href=\"https:\/\/www.worldathletics.org\/competitions\/world-athletics-championships\/oregon22\">DAL\u0160\u00cd INFOR\u010cMACE Z MISTROVSTV\u00cd SV\u011aTA<\/a><\/p>\n","protected":false},"excerpt":{"rendered":"<p>Tereza Hrochov\u00e1 17. na mistrovstv\u00ed sv\u011bta fotozdroj atletika.cz V americk\u00e9m Eugene prob\u00edh\u00e1 od 15. do 24. 7. mistrovsv\u00ed sv\u011bta a v reprezenta\u010dn\u00edm dresu zde m\u00e1me&hellip;<\/p>\n","protected":false},"author":2,"featured_media":3016,"comment_status":"closed","ping_status":"closed","sticky":false,"template":"","format":"standard","meta":{"footnotes":""},"categories":[1],"tags":[],"jetpack_sharing_enabled":true,"jetpack_featured_media_url":"http:\/\/pkas.cz\/wp-content\/uploads\/2022\/07\/HROCHOVA-MS2022.jpg","_links":{"self":[{"href":"http:\/\/pkas.cz\/index.php?rest_route=\/wp\/v2\/posts\/3015"}],"collection":[{"href":"http:\/\/pkas.cz\/index.php?rest_route=\/wp\/v2\/posts"}],"about":[{"href":"http:\/\/pkas.cz\/index.php?rest_route=\/wp\/v2\/types\/post"}],"author":[{"embeddable":true,"href":"http:\/\/pkas.cz\/index.php?rest_route=\/wp\/v2\/users\/2"}],"replies":[{"embeddable":true,"href":"http:\/\/pkas.cz\/index.php?rest_route=%2Fwp%2Fv2%2Fcomments&post=3015"}],"version-history":[{"count":2,"href":"http:\/\/pkas.cz\/index.php?rest_route=\/wp\/v2\/posts\/3015\/revisions"}],"predecessor-version":[{"id":3025,"href":"http:\/\/pkas.cz\/index.php?rest_route=\/wp\/v2\/posts\/3015\/revisions\/3025"}],"wp:featuredmedia":[{"embeddable":true,"href":"http:\/\/pkas.cz\/index.php?rest_route=\/wp\/v2\/media\/3016"}],"wp:attachment":[{"href":"http:\/\/pkas.cz\/index.php?rest_route=%2Fwp%2Fv2%2Fmedia&parent=3015"}],"wp:term":[{"taxonomy":"category","embeddable":true,"href":"http:\/\/pkas.cz\/index.php?rest_route=%2Fwp%2Fv2%2Fcategories&post=3015"},{"taxonomy":"post_tag","embeddable":true,"href":"http:\/\/pkas.cz\/index.php?rest_route=%2Fwp%2Fv2%2Ftags&post=3015"}],"curies":[{"name":"wp","href":"https:\/\/api.w.org\/{rel}","templated":true}]}}