{"id":3010,"date":"2022-07-16T18:54:37","date_gmt":"2022-07-16T16:54:37","guid":{"rendered":"http:\/\/pkas.cz\/?p=3010"},"modified":"2022-07-16T18:54:37","modified_gmt":"2022-07-16T16:54:37","slug":"ctyri-plzensti-zastupci-na-me-u-18-v-izraeli","status":"publish","type":"post","link":"http:\/\/pkas.cz\/?p=3010","title":{"rendered":"\u010cty\u0159i plze\u0148\u0161t\u00ed z\u00e1stupci na ME U 18 v Izraeli"},"content":{"rendered":"<h1>\u010cty\u0159i plze\u0148\u0161t\u00ed z\u00e1stupci na ME U 18 v Izraeli<\/h1>\n<p><img loading=\"lazy\" decoding=\"async\" class=\"alignnone  wp-image-3011\" src=\"http:\/\/pkas.cz\/wp-content\/uploads\/2022\/07\/me-u-18-REPRE-300x169.jpg\" alt=\"\" width=\"513\" height=\"289\" srcset=\"http:\/\/pkas.cz\/wp-content\/uploads\/2022\/07\/me-u-18-REPRE-300x169.jpg 300w, http:\/\/pkas.cz\/wp-content\/uploads\/2022\/07\/me-u-18-REPRE-1024x576.jpg 1024w, http:\/\/pkas.cz\/wp-content\/uploads\/2022\/07\/me-u-18-REPRE-768x432.jpg 768w, http:\/\/pkas.cz\/wp-content\/uploads\/2022\/07\/me-u-18-REPRE.jpg 1400w\" sizes=\"(max-width: 513px) 100vw, 513px\" \/><img loading=\"lazy\" decoding=\"async\" class=\"alignnone size-medium wp-image-3012\" src=\"http:\/\/pkas.cz\/wp-content\/uploads\/2022\/07\/me-u-18-300x300.jpg\" alt=\"\" width=\"300\" height=\"300\" srcset=\"http:\/\/pkas.cz\/wp-content\/uploads\/2022\/07\/me-u-18-300x300.jpg 300w, http:\/\/pkas.cz\/wp-content\/uploads\/2022\/07\/me-u-18-150x150.jpg 150w, http:\/\/pkas.cz\/wp-content\/uploads\/2022\/07\/me-u-18.jpg 526w\" sizes=\"(max-width: 300px) 100vw, 300px\" \/><\/p>\n<p>fotozdroj AK \u0160KODA Plze\u0148<\/p>\n<p>Pro v\u011bt\u0161inu \u0161kol\u00e1k\u016f za\u010dali prvn\u00edm \u010dervencem pr\u00e1zdniny, ne v\u0161ak pro plze\u0148skou \u010dtve\u0159ici mlad\u00fdch atlet\u016f, kter\u00e1 se vydala na Mistrovsv\u00ed Evropy kategorie U 18 do izraelsk\u00e9ho Jeruzal\u00e9ma.<\/p>\n<p>P\u0159in\u00e1\u0161\u00edme kr\u00e1tk\u00e9 shrnut\u00ed na\u0161ich mlad\u00fdch atlet\u016f na jejich prvn\u00ed velk\u00e9 mezin\u00e1rodn\u00ed akci:<\/p>\n<div>\n<div>\n<p><strong>Jan \u0160karban<\/strong> si stejn\u011b jako v rozb\u011bhu na trati 2 000 metr\u016f p\u0159ek\u00e1\u017eek vylep\u0161il osobn\u00ed rekord a obsadil kone\u010dn\u00e9 7. m\u00edsto mezi nejlep\u0161\u00edmi steepla\u0159i star\u00e9ho kontinentu za \u010das 5:52,26.<\/p>\n<p><strong>Kate\u0159ina Salcmanov\u00e1<\/strong> v\u00a0Jeruzal\u00e9m\u011b\u00a0nakonec dokon\u010dila sv\u016fj sedmiboj na velmi poveden\u00e9m 11. m\u00edst\u011b, kdy\u017e p\u0159edvedla p\u0159i sv\u00e9 reprezenta\u010dn\u00ed premi\u00e9\u0159e 5\u00a0127 bod\u016f, co\u017e je jej\u00ed druh\u00fd nejlep\u0161\u00ed bodov\u00fd zisk v\u00a0sedmiboji.<\/p>\n<p><strong>Viktorie J\u00e1nsk\u00e1 <\/strong>na trati 100 m p\u0159ek\u00e1\u017eek postoupila do semifin\u00e1le a za \u010das 13.79 obsadila nakonec 15. p\u0159\u00ed\u010dku. Smoln\u00fd okam\u017eik nejen pro Viktorii p\u0159i\u0161el nakonec mistrovstv\u00ed, kdy to vypadalo, \u017ee jako n\u00e1hradnice ze \u0161tafety, kter\u00e9 pomohla postupem do fin\u00e1le si odveze medaili. Nakonec zbyli jen o\u010di pro pl\u00e1\u010d, jeliko\u017e asi hodinu po dob\u011bhu byla \u0161tafeta diskvalifikov\u00e1na.<\/p>\n<p>V\u00edce tak\u00e9 v \u010dl\u00e1nku v Plze\u0148sk\u00e9m den\u00edku <a href=\"https:\/\/plzensky.denik.cz\/ostatni_region\/slavily-jsme-a-fotily-se-ale-pak-radost-vystridal-smutek-vzpomina-janska-2022071.html?fbclid=IwAR3pz9TqhhOroJttdpTpIPh2hccWnmkZdLjJcsoPdzFZBF3Cj8TD_zsBeZc\">ZDE<\/a><\/p>\n<p>Ze sv\u00e9 kvalifikace bohu\u017eel nepostoupila o\u0161t\u011bpa\u0159ka<strong> Magdal\u00e9na Hellmayerov\u00e1<\/strong>. T\u00e9 se hlavn\u011b\u00a0kv\u016fli zdravotn\u00edm komplikac\u00edm zp\u016fsoben\u00fdm p\u0159i samotn\u00e9 sout\u011b\u017ei kvalifikace moc nepovedla a\u00a0v\u00fdkonem 44.38 metr\u016f skon\u010dila za sv\u00fdm o\u010dek\u00e1v\u00e1n\u00edm a\u00a0pl\u00e1ny na 20. pozici.<\/p>\n<p>Na atlety \u010dekaj\u00ed b\u011bhem l\u00e9ta dal\u0161\u00ed mezin\u00e1rodn\u00ed akce od mistrostv\u00ed sv\u011bta v Eugene a Mistrovstv\u00ed Evropy v Mnichov\u011b nebo mistrovstv\u00ed sv\u011bta junior\u016f v Cali, a\u017e t\u0159eba po mezist\u00e1tn\u00ed utk\u00e1n\u00ed nebo Evropsk\u00fd olympijsk\u00fd festival, kter\u00fd host\u00ed B\u00e1nsk\u00e1 Bystrice.<\/p>\n<p>P\u0159evzato ze sport.plzen.cz<\/p>\n<\/div>\n<\/div>\n","protected":false},"excerpt":{"rendered":"<p>\u010cty\u0159i plze\u0148\u0161t\u00ed z\u00e1stupci na ME U 18 v Izraeli fotozdroj AK \u0160KODA Plze\u0148 Pro v\u011bt\u0161inu \u0161kol\u00e1k\u016f za\u010dali prvn\u00edm \u010dervencem pr\u00e1zdniny, ne v\u0161ak pro plze\u0148skou \u010dtve\u0159ici&hellip;<\/p>\n","protected":false},"author":2,"featured_media":3011,"comment_status":"closed","ping_status":"closed","sticky":false,"template":"","format":"standard","meta":{"footnotes":""},"categories":[1],"tags":[],"jetpack_sharing_enabled":true,"jetpack_featured_media_url":"http:\/\/pkas.cz\/wp-content\/uploads\/2022\/07\/me-u-18-REPRE.jpg","_links":{"self":[{"href":"http:\/\/pkas.cz\/index.php?rest_route=\/wp\/v2\/posts\/3010"}],"collection":[{"href":"http:\/\/pkas.cz\/index.php?rest_route=\/wp\/v2\/posts"}],"about":[{"href":"http:\/\/pkas.cz\/index.php?rest_route=\/wp\/v2\/types\/post"}],"author":[{"embeddable":true,"href":"http:\/\/pkas.cz\/index.php?rest_route=\/wp\/v2\/users\/2"}],"replies":[{"embeddable":true,"href":"http:\/\/pkas.cz\/index.php?rest_route=%2Fwp%2Fv2%2Fcomments&post=3010"}],"version-history":[{"count":1,"href":"http:\/\/pkas.cz\/index.php?rest_route=\/wp\/v2\/posts\/3010\/revisions"}],"predecessor-version":[{"id":3013,"href":"http:\/\/pkas.cz\/index.php?rest_route=\/wp\/v2\/posts\/3010\/revisions\/3013"}],"wp:featuredmedia":[{"embeddable":true,"href":"http:\/\/pkas.cz\/index.php?rest_route=\/wp\/v2\/media\/3011"}],"wp:attachment":[{"href":"http:\/\/pkas.cz\/index.php?rest_route=%2Fwp%2Fv2%2Fmedia&parent=3010"}],"wp:term":[{"taxonomy":"category","embeddable":true,"href":"http:\/\/pkas.cz\/index.php?rest_route=%2Fwp%2Fv2%2Fcategories&post=3010"},{"taxonomy":"post_tag","embeddable":true,"href":"http:\/\/pkas.cz\/index.php?rest_route=%2Fwp%2Fv2%2Ftags&post=3010"}],"curies":[{"name":"wp","href":"https:\/\/api.w.org\/{rel}","templated":true}]}}