{"id":3002,"date":"2022-07-16T18:33:50","date_gmt":"2022-07-16T16:33:50","guid":{"rendered":"http:\/\/pkas.cz\/?p=3002"},"modified":"2022-07-16T18:34:22","modified_gmt":"2022-07-16T16:34:22","slug":"mu-u18-a-zastupci-z-naseho-regionu","status":"publish","type":"post","link":"http:\/\/pkas.cz\/?p=3002","title":{"rendered":"MU U18 a z\u00e1stupci z na\u0161eho regionu"},"content":{"rendered":"<h1>MU U18 a z\u00e1stupci z na\u0161eho regionu<\/h1>\n<p><img loading=\"lazy\" decoding=\"async\" class=\" wp-image-3007 alignleft\" src=\"http:\/\/pkas.cz\/wp-content\/uploads\/2022\/07\/REPRE-u18-MADARSKO-300x159.jpg\" alt=\"\" width=\"472\" height=\"250\" srcset=\"http:\/\/pkas.cz\/wp-content\/uploads\/2022\/07\/REPRE-u18-MADARSKO-300x159.jpg 300w, http:\/\/pkas.cz\/wp-content\/uploads\/2022\/07\/REPRE-u18-MADARSKO.jpg 599w\" sizes=\"(max-width: 472px) 100vw, 472px\" \/><\/p>\n<p>&nbsp;<\/p>\n<p>&nbsp;<\/p>\n<p>&nbsp;<\/p>\n<p>&nbsp;<\/p>\n<p>&nbsp;<\/p>\n<p>&nbsp;<\/p>\n<p>FOTOZDROJ ATLETIKA.CZ<\/p>\n<p>Tro\u0161ku\u00a0ve st\u00ednu Olympi\u00e1dy d\u011bt\u00ed a ml\u00e1de\u017ee a n\u00e1sledn\u00e9ho ME U 18 prob\u011bhlo v ma\u010farsk\u00e9m Sz\u00e9kesfeh\u00e9rv\u00e1ru 29.6. mezist\u00e1tn\u00ed utk\u00e1n\u00ed \u010cesko- Slovensko &#8211; Ma\u010farsko &#8211; Slovinsko. D\u00edky kolizi s ME U18 se do nominace dostalo i v\u00edce reprezentanti, kte\u0159\u00ed byli z tzv. druh\u00e9ho sledu a to pomohlo i z\u00e1stupc\u016fm z na\u0161eho regionu. Celkem tedy startovalo 10 z\u00e1vodn\u00edk\u016f 4 reprezentanti z AC Doma\u017elice, 3 z AK \u0160KODA Plze\u0148 a po jednom z Klatov, St\u0159\u00edbra a doma\u017elick\u00fdch M\u00edla\u0159\u016f.<\/p>\n<p>P\u0159in\u00e1\u0161\u00edme shrnut\u00ed v\u00fdsledk\u016f v\u0161ech Z\u00e1pado\u010dech\u016f:<\/p>\n<p><strong>Jon\u00e1\u0161 Fleissig<\/strong> &#8211; 200m -6. m\u00edsto &#8211; 23,24s<\/p>\n<p><strong>Jan \u0160mrha<\/strong> &#8211; 400m &#8211; 3. m\u00edsto &#8211; 50,03s<\/p>\n<p><strong>Jan Pergler<\/strong> &#8211; 800m &#8211; 4. m\u00edsto &#8211; 1:56,97<\/p>\n<p><strong>Jan Riegel<\/strong> &#8211; 3000m &#8211; 3. m\u00edsto 9:16, 49<\/p>\n<p><strong>Ji\u0159\u00ed \u0160piroch<\/strong> &#8211; 2000m p\u0159. &#8211; 3. m\u00edsto &#8211; 6:19, 62<\/p>\n<p><strong>Pavel Fron\u011bk<\/strong> &#8211; v\u00fd\u0161ka &#8211; 4. m\u00edsto &#8211; 188 cm<\/p>\n<p><strong>\u0160tafeta<\/strong> &#8211; \u0160mrha, Fleissig &#8211; 2. m\u00edsto &#8211; 1:58,69<\/p>\n<p><strong>Magdal\u00e9na Hellmayerov\u00e1<\/strong> &#8211; o\u0161t\u011bp &#8211; 2. m\u00edsto &#8211; 46,78m<\/p>\n<p><strong>Karol\u00edna Machov\u00e1<\/strong> &#8211; koule 4. m\u00edsto 14,36m<\/p>\n<p><strong>Valerie Dzurov\u00e1<\/strong> &#8211; 400m p\u0159. &#8211; 4. m\u00edsto 1:02,57<\/p>\n<p><strong>Lucie Kubecov\u00e1<\/strong> 800m &#8211; 4. m\u00edsto 2:16, 49<\/p>\n<p>KOMPLETN\u00cd V\u00ddSLEDKY<\/p>\n","protected":false},"excerpt":{"rendered":"<p>MU U18 a z\u00e1stupci z na\u0161eho regionu &nbsp; &nbsp; &nbsp; &nbsp; &nbsp; &nbsp; FOTOZDROJ ATLETIKA.CZ Tro\u0161ku\u00a0ve st\u00ednu Olympi\u00e1dy d\u011bt\u00ed a ml\u00e1de\u017ee a n\u00e1sledn\u00e9ho ME U&hellip;<\/p>\n","protected":false},"author":2,"featured_media":3007,"comment_status":"closed","ping_status":"closed","sticky":false,"template":"","format":"standard","meta":{"footnotes":""},"categories":[1],"tags":[],"jetpack_sharing_enabled":true,"jetpack_featured_media_url":"http:\/\/pkas.cz\/wp-content\/uploads\/2022\/07\/REPRE-u18-MADARSKO.jpg","_links":{"self":[{"href":"http:\/\/pkas.cz\/index.php?rest_route=\/wp\/v2\/posts\/3002"}],"collection":[{"href":"http:\/\/pkas.cz\/index.php?rest_route=\/wp\/v2\/posts"}],"about":[{"href":"http:\/\/pkas.cz\/index.php?rest_route=\/wp\/v2\/types\/post"}],"author":[{"embeddable":true,"href":"http:\/\/pkas.cz\/index.php?rest_route=\/wp\/v2\/users\/2"}],"replies":[{"embeddable":true,"href":"http:\/\/pkas.cz\/index.php?rest_route=%2Fwp%2Fv2%2Fcomments&post=3002"}],"version-history":[{"count":6,"href":"http:\/\/pkas.cz\/index.php?rest_route=\/wp\/v2\/posts\/3002\/revisions"}],"predecessor-version":[{"id":3009,"href":"http:\/\/pkas.cz\/index.php?rest_route=\/wp\/v2\/posts\/3002\/revisions\/3009"}],"wp:featuredmedia":[{"embeddable":true,"href":"http:\/\/pkas.cz\/index.php?rest_route=\/wp\/v2\/media\/3007"}],"wp:attachment":[{"href":"http:\/\/pkas.cz\/index.php?rest_route=%2Fwp%2Fv2%2Fmedia&parent=3002"}],"wp:term":[{"taxonomy":"category","embeddable":true,"href":"http:\/\/pkas.cz\/index.php?rest_route=%2Fwp%2Fv2%2Fcategories&post=3002"},{"taxonomy":"post_tag","embeddable":true,"href":"http:\/\/pkas.cz\/index.php?rest_route=%2Fwp%2Fv2%2Ftags&post=3002"}],"curies":[{"name":"wp","href":"https:\/\/api.w.org\/{rel}","templated":true}]}}