{"id":2992,"date":"2022-07-04T22:33:31","date_gmt":"2022-07-04T20:33:31","guid":{"rendered":"http:\/\/pkas.cz\/?p=2992"},"modified":"2022-07-04T22:33:31","modified_gmt":"2022-07-04T20:33:31","slug":"lodm-2022-dvakrat-zlata-kristyna-zahorova","status":"publish","type":"post","link":"http:\/\/pkas.cz\/?p=2992","title":{"rendered":"LODM 2022: Dvakr\u00e1t zlat\u00e1 Krist\u00fdna Z\u00e1ho\u0159ov\u00e1"},"content":{"rendered":"<h1>LODM 2022: Dvakr\u00e1t zlat\u00e1 Krist\u00fdna Z\u00e1ho\u0159ov\u00e1<\/h1>\n<p><img loading=\"lazy\" decoding=\"async\" class=\"alignnone size-medium wp-image-2996\" src=\"http:\/\/pkas.cz\/wp-content\/uploads\/2022\/07\/16569663123882108747635931857746-139x300.jpg\" alt=\"\" width=\"139\" height=\"300\" srcset=\"http:\/\/pkas.cz\/wp-content\/uploads\/2022\/07\/16569663123882108747635931857746-139x300.jpg 139w, http:\/\/pkas.cz\/wp-content\/uploads\/2022\/07\/16569663123882108747635931857746-473x1024.jpg 473w, http:\/\/pkas.cz\/wp-content\/uploads\/2022\/07\/16569663123882108747635931857746.jpg 624w\" sizes=\"(max-width: 139px) 100vw, 139px\" \/> <img loading=\"lazy\" decoding=\"async\" class=\"alignnone  wp-image-2997\" src=\"http:\/\/pkas.cz\/wp-content\/uploads\/2022\/07\/IMG-20220703-WA0001-1-300x225.jpg\" alt=\"\" width=\"377\" height=\"283\" srcset=\"http:\/\/pkas.cz\/wp-content\/uploads\/2022\/07\/IMG-20220703-WA0001-1-300x225.jpg 300w, http:\/\/pkas.cz\/wp-content\/uploads\/2022\/07\/IMG-20220703-WA0001-1-768x576.jpg 768w, http:\/\/pkas.cz\/wp-content\/uploads\/2022\/07\/IMG-20220703-WA0001-1.jpg 1024w\" sizes=\"(max-width: 377px) 100vw, 377px\" \/><\/p>\n<p>Zdroj TJ Ban\u00edk St\u0159\u00edbro a Adriana Ujkanovi\u010dov\u00e1<\/p>\n<p>Od \u00fater\u00fd 28.6. do \u010dtvrtka 30.6. se v Olomouci uskute\u010dnila atletick\u00e1 kl\u00e1n\u00ed v r\u00e1mci Letn\u00ed olympi\u00e1dy d\u011bt\u00ed a ml\u00e1de\u017ee. Na\u0161i z\u00e1stupci podali zaj\u00edmav\u00e9 v\u00fdkony, p\u0159i \u010dem\u017e hned p\u011btkr\u00e1t to cinklo.<\/p>\n<p>Roli favoritky naplnila skoro do punt\u00edku mlad\u0161\u00ed \u017e\u00e1kyn\u011b <strong>Krist\u00fdna Z\u00e1ho\u0159ov\u00e1, <\/strong>kdy\u017e si odvezla z Olomouce hned dv\u011b zlat\u00e9 medaile a to v b\u011bhu na 60m, kde nena\u0161la p\u0159emo\u017eitelku a shodn\u00fdm v\u00fdkonem ve fin\u00e1le i v semifin\u00e1le 7,86s. V d\u00e1lce se ve fin\u00e1lov\u00e9m z\u00e1vod\u011b postupn\u011b zlep\u0161ovala, a\u017e posledn\u00edm skokem vyt\u0159ila nejlep\u0161\u00ed sez\u00f3nn\u00ed v\u00fdkon 549 cm. Vz\u00e1p\u011bt\u00ed je\u0161t\u011b bojovali o t\u0159et\u00ed medaili ve \u0161tafet\u011b, ale v nad\u011bjn\u011b rozb\u011bhl\u00e9m z\u00e1vod\u011b se nakonec nezda\u0159ila posledn\u00ed p\u0159ed\u00e1vka a bylo po medailov\u00fdch nad\u011bj\u00edch.<\/p>\n<p>Zlato si z Olomouce p\u0159ekvapiv\u011b odv\u00e1\u017e\u00ed i mlad\u0161\u00ed \u017e\u00e1kyn\u011b <strong>Al\u017eb\u011bta Kr\u00e1lov\u00e1<\/strong>, kter\u00e1 s v o\u0161t\u011bpu vybi\u010dovala k v\u00fdborn\u00e9mu osobn\u00edmu v\u00fdkonu 36,93m a vyhr\u00e1la s n\u00e1skokem t\u00e9m\u011b\u0159 p\u011bt a p\u016fl metru.<\/p>\n<p>Ve vyrovnan\u00e9m z\u00e1vod\u011b koula\u0159\u016f se p\u0159edvedl i bronzov\u00fd <strong>Sebastian Matou\u0161ek, <\/strong>kdy\u017e vrhl 15,26m a zaostal jen 11 centimetr\u016f za zlatem.<\/p>\n<p>Druh\u00fd bronz p\u0159idala do sb\u00edrky <strong>Andrea Bielikov\u00e1<\/strong>, kter\u00e1 dvakr\u00e1t dok\u00e1zala b\u011b\u017eet v\u00fdkon na hranici osobn\u00edho maxima 2:18 na p\u016flce.<\/p>\n<p>Dal\u0161\u00ed v\u00fdsledky:<\/p>\n<p><strong>Jakub Nygr\u00fdn <\/strong>&#8211; 5. m\u00edsto\u00a0 hod o\u0161t\u011bpem &#8211; 37.69m<\/p>\n<p><strong>Dominik Tu\u0161ka &#8211; <\/strong>6. m\u00edsto skok vysok\u00fd &#8211; 156 cm<\/p>\n<p><strong>Pavel Svojanovsk\u00fd <\/strong>&#8211; 7. m\u00edsto na 60m &#8211; 7,91s (v rozb\u011bhu 7,87s)<\/p>\n<p>Pro \u0159adu z\u00e1vodn\u00edk\u016f to byla prvn\u00ed zku\u0161enost s tak velk\u00fdmi z\u00e1vody. V\u011b\u0159\u00edme, \u017ee to bude pro n\u011b motivace do dal\u0161\u00ed pr\u00e1ce a sv\u00e9 zku\u0161enosti p\u0159edvedou dal\u0161\u00edmi poveden\u00fdmi v\u00fdkony.<\/p>\n<p><a href=\"https:\/\/online.atletika.cz\/vysledky\/48374\/0\/2\">KOMPLETN\u00cd V\u00ddSLEDKY<\/a><\/p>\n<p>P\u0159id\u00e1v\u00e1me i tabulku dle kraj\u016f, kde jsme nakonec obsadili a\u017e 13. m\u00edsto.<\/p>\n<p><a href=\"http:\/\/pkas.cz\/wp-content\/uploads\/2022\/07\/PoradiKrajuAtletika.pdf\">TABULKA<\/a> po\u0159ad\u00ed dle kraj\u016f v atletice<\/p>\n<p>&nbsp;<\/p>\n","protected":false},"excerpt":{"rendered":"<p>LODM 2022: Dvakr\u00e1t zlat\u00e1 Krist\u00fdna Z\u00e1ho\u0159ov\u00e1 Zdroj TJ Ban\u00edk St\u0159\u00edbro a Adriana Ujkanovi\u010dov\u00e1 Od \u00fater\u00fd 28.6. do \u010dtvrtka 30.6. se v Olomouci uskute\u010dnila atletick\u00e1 kl\u00e1n\u00ed&hellip;<\/p>\n","protected":false},"author":2,"featured_media":2997,"comment_status":"closed","ping_status":"closed","sticky":false,"template":"","format":"standard","meta":{"footnotes":""},"categories":[1],"tags":[],"jetpack_sharing_enabled":true,"jetpack_featured_media_url":"http:\/\/pkas.cz\/wp-content\/uploads\/2022\/07\/IMG-20220703-WA0001-1.jpg","_links":{"self":[{"href":"http:\/\/pkas.cz\/index.php?rest_route=\/wp\/v2\/posts\/2992"}],"collection":[{"href":"http:\/\/pkas.cz\/index.php?rest_route=\/wp\/v2\/posts"}],"about":[{"href":"http:\/\/pkas.cz\/index.php?rest_route=\/wp\/v2\/types\/post"}],"author":[{"embeddable":true,"href":"http:\/\/pkas.cz\/index.php?rest_route=\/wp\/v2\/users\/2"}],"replies":[{"embeddable":true,"href":"http:\/\/pkas.cz\/index.php?rest_route=%2Fwp%2Fv2%2Fcomments&post=2992"}],"version-history":[{"count":4,"href":"http:\/\/pkas.cz\/index.php?rest_route=\/wp\/v2\/posts\/2992\/revisions"}],"predecessor-version":[{"id":3000,"href":"http:\/\/pkas.cz\/index.php?rest_route=\/wp\/v2\/posts\/2992\/revisions\/3000"}],"wp:featuredmedia":[{"embeddable":true,"href":"http:\/\/pkas.cz\/index.php?rest_route=\/wp\/v2\/media\/2997"}],"wp:attachment":[{"href":"http:\/\/pkas.cz\/index.php?rest_route=%2Fwp%2Fv2%2Fmedia&parent=2992"}],"wp:term":[{"taxonomy":"category","embeddable":true,"href":"http:\/\/pkas.cz\/index.php?rest_route=%2Fwp%2Fv2%2Fcategories&post=2992"},{"taxonomy":"post_tag","embeddable":true,"href":"http:\/\/pkas.cz\/index.php?rest_route=%2Fwp%2Fv2%2Ftags&post=2992"}],"curies":[{"name":"wp","href":"https:\/\/api.w.org\/{rel}","templated":true}]}}