{"id":2981,"date":"2022-06-27T15:18:31","date_gmt":"2022-06-27T13:18:31","guid":{"rendered":"http:\/\/pkas.cz\/?p=2981"},"modified":"2022-06-27T15:18:31","modified_gmt":"2022-06-27T13:18:31","slug":"lodm-2022","status":"publish","type":"post","link":"http:\/\/pkas.cz\/?p=2981","title":{"rendered":"LODM 2022"},"content":{"rendered":"<h1>LODM 2022<\/h1>\n<p><img loading=\"lazy\" decoding=\"async\" class=\"alignnone size-medium wp-image-2857\" src=\"http:\/\/pkas.cz\/wp-content\/uploads\/2022\/05\/2fd149555b28e8d65f4be03531b74083abc3f9e4-300x236.png\" alt=\"\" width=\"300\" height=\"236\" srcset=\"http:\/\/pkas.cz\/wp-content\/uploads\/2022\/05\/2fd149555b28e8d65f4be03531b74083abc3f9e4-300x236.png 300w, http:\/\/pkas.cz\/wp-content\/uploads\/2022\/05\/2fd149555b28e8d65f4be03531b74083abc3f9e4-768x605.png 768w, http:\/\/pkas.cz\/wp-content\/uploads\/2022\/05\/2fd149555b28e8d65f4be03531b74083abc3f9e4.png 796w\" sizes=\"(max-width: 300px) 100vw, 300px\" \/><\/p>\n<p>Od 26. 6. prob\u00edh\u00e1 v Olomouck\u00e9m kraji Letn\u00ed olympi\u00e1da d\u011bt\u00ed a ml\u00e1de\u017ee. Za Plze\u0148sk\u00fd kraj bylo nominov\u00e1no 34 z\u00e1vodn\u00edk\u016f, kter\u00e9 doprov\u00e1z\u00ed 5 tren\u00e9r\u016f.<\/p>\n<p>Atletick\u00e9 sout\u011b\u017ee jsou na programu od 28. do 30.6. 2022.<\/p>\n<p><a href=\"http:\/\/pkas.cz\/wp-content\/uploads\/2022\/06\/Letni-detska-olympiada-deti-a-mladeze-v-Olomouckem-kraji-2022_nominace.xlsx\">Letn\u00ed d\u011btsk\u00e1 olympi\u00e1da d\u011bt\u00ed a ml\u00e1de\u017ee v Olomouck\u00e9m kraji 2022_nominace<\/a><\/p>\n<p>Na\u0161e z\u00e1vodn\u00edky lze sledovat na <a href=\"https:\/\/www.olympijskytym.cz\/tv?tag=274\">Streamu olympi\u00e1dy<\/a><\/p>\n<p><a href=\"https:\/\/youtu.be\/-2fMvnKs5-M\">Z\u00e1znam slavnostn\u00edho zah\u00e1jen\u00ed\u00a0<\/a><\/p>\n","protected":false},"excerpt":{"rendered":"<p>LODM 2022 Od 26. 6. prob\u00edh\u00e1 v Olomouck\u00e9m kraji Letn\u00ed olympi\u00e1da d\u011bt\u00ed a ml\u00e1de\u017ee. Za Plze\u0148sk\u00fd kraj bylo nominov\u00e1no 34 z\u00e1vodn\u00edk\u016f, kter\u00e9 doprov\u00e1z\u00ed 5 tren\u00e9r\u016f.&hellip;<\/p>\n","protected":false},"author":2,"featured_media":2857,"comment_status":"closed","ping_status":"closed","sticky":false,"template":"","format":"standard","meta":{"footnotes":""},"categories":[1],"tags":[],"jetpack_sharing_enabled":true,"jetpack_featured_media_url":"http:\/\/pkas.cz\/wp-content\/uploads\/2022\/05\/2fd149555b28e8d65f4be03531b74083abc3f9e4.png","_links":{"self":[{"href":"http:\/\/pkas.cz\/index.php?rest_route=\/wp\/v2\/posts\/2981"}],"collection":[{"href":"http:\/\/pkas.cz\/index.php?rest_route=\/wp\/v2\/posts"}],"about":[{"href":"http:\/\/pkas.cz\/index.php?rest_route=\/wp\/v2\/types\/post"}],"author":[{"embeddable":true,"href":"http:\/\/pkas.cz\/index.php?rest_route=\/wp\/v2\/users\/2"}],"replies":[{"embeddable":true,"href":"http:\/\/pkas.cz\/index.php?rest_route=%2Fwp%2Fv2%2Fcomments&post=2981"}],"version-history":[{"count":1,"href":"http:\/\/pkas.cz\/index.php?rest_route=\/wp\/v2\/posts\/2981\/revisions"}],"predecessor-version":[{"id":2982,"href":"http:\/\/pkas.cz\/index.php?rest_route=\/wp\/v2\/posts\/2981\/revisions\/2982"}],"wp:featuredmedia":[{"embeddable":true,"href":"http:\/\/pkas.cz\/index.php?rest_route=\/wp\/v2\/media\/2857"}],"wp:attachment":[{"href":"http:\/\/pkas.cz\/index.php?rest_route=%2Fwp%2Fv2%2Fmedia&parent=2981"}],"wp:term":[{"taxonomy":"category","embeddable":true,"href":"http:\/\/pkas.cz\/index.php?rest_route=%2Fwp%2Fv2%2Fcategories&post=2981"},{"taxonomy":"post_tag","embeddable":true,"href":"http:\/\/pkas.cz\/index.php?rest_route=%2Fwp%2Fv2%2Ftags&post=2981"}],"curies":[{"name":"wp","href":"https:\/\/api.w.org\/{rel}","templated":true}]}}